{"id":5379,"date":"2024-05-23T16:18:57","date_gmt":"2024-05-23T14:18:57","guid":{"rendered":"https:\/\/serbenidorm.daliisolutions.com\/index.php\/2024\/05\/23\/abierta-la-inscripcion-para-la-escuela-de-verano-de-benidorm-consulta-lugar-fechas-y-precios\/"},"modified":"2024-05-23T16:18:57","modified_gmt":"2024-05-23T14:18:57","slug":"abierta-la-inscripcion-para-la-escuela-de-verano-de-benidorm-consulta-lugar-fechas-y-precios","status":"publish","type":"post","link":"https:\/\/serbenidorm.daliisolutions.com\/index.php\/2024\/05\/23\/abierta-la-inscripcion-para-la-escuela-de-verano-de-benidorm-consulta-lugar-fechas-y-precios\/","title":{"rendered":"Abierta la inscripci\u00f3n para la Escuela de Verano de Benidorm: consulta lugar, fechas y precios"},"content":{"rendered":"  <p>La Agrupaci\u00f3n Local de AMPAs ha organizado una nueva edici\u00f3n de la \u00a0\u2018Escuela de Verano\u2019, que este a\u00f1o se desarrollar\u00e1 del 1 de julio al 30 de agosto en el <a href=\"https:\/\/cadenaser.com\/tag\/benidorm\/a\/\" target=\"_blank\" rel=\"noopener\">colegio p\u00fablico Serra d\u2019Aitana, en el barrio de Foietes-Colonia Madrid<\/a>. <\/p>   <p>Esta \u2018Escuela de Verano\u2019 est\u00e1 dirigida a menores de 3 a 14 a\u00f1os y ofrece a las familias \u201cuna alternativa segura y de ocio donde poder llevar a los ni\u00f1os durante las vacaciones escolares para poder conciliar\u201d, seg\u00fan ha explicado la concejala de Educaci\u00f3n, Maite Moreno.<\/p>   <p>Moreno ha informado de que \u201cel plazo de inscripci\u00f3n estar\u00e1 abierto hasta el pr\u00f3ximo 7 de junio\u201d. Asimismo, la edil ha indicado que, un a\u00f1o m\u00e1s, \u201cel Ayuntamiento, a trav\u00e9s del \u00e1rea de Educaci\u00f3n, subvencionar\u00e1 una parte del coste de la \u2018Escuela de Verano\u2019 a todas las familias empadronadas en Benidorm, hasta un importe m\u00e1ximo del 50%\u201d.<\/p>  <p><p>M\u00e1s informaci\u00f3n<\/p><figure><img loading=\"lazy\" decoding=\"async\" src=\"https:\/\/cadenaser.com\/resizer\/v2\/VGRKXNPKTNMV3BJ4UBP6W5E4KI.jpg?auth=668cff72442d4351ae2dd9cf12ae778ecc5755a4bf6ee9a0de31772e52af0ee0&amp;quality=70&amp;width=360&amp;height=202&amp;smart=true\" width=\"820\" height=\"621\" \/><\/figure><ul><li><a href=\"https:\/\/cadenaser.com\/comunitat-valenciana\/2024\/05\/22\/asi-es-la-oferta-de-trabajo-para-un-hotel-de-benidorm-que-ha-provocado-la-indignacion-de-las-kellys-radio-benidorm\/\"><span>As\u00ed es la oferta de trabajo para un hotel de Benidorm que ha provocado la indignaci\u00f3n de las Kellys<\/span><\/a><\/li><\/ul><\/p>   <p>Mientras la Concejal\u00eda de Bienestar Social costear\u00e1 la asistencia y el servicio de comedor del alumnado procedente de familias con dificultades econ\u00f3micas importantes. Tambi\u00e9n se va a habilitar en el mismo colegio un aula de integraci\u00f3n.<\/p>   <p>Durante su estancia en la \u2018Escuela de Verano\u2019, el alumnado realizar\u00e1 diversas actividades, como manualidades, juegos o m\u00fasica, as\u00ed como salidas y excursiones, todas ellas adaptadas a las edades de cada grupo. Asimismo, tambi\u00e9n habr\u00e1 plazas reservadas para ni\u00f1os con necesidades espec\u00edficas, ha destacado Maite Moreno.<\/p>   <p>     .c-w{         max-width:444px;         width:100%;         margin:16px auto;      background:#00755E;         border-radius:4px;         display:flex;         align-items:center;         justify-content:center;     }     .c-w a{         display:flex;         align-items:center;         justify-content:center;         padding:4px 24px;     }     .c-w img{         width:24px;         margin-right:12px;     }     .c-w p{         font:18px\/25px Poppins;         text-align:center;         color:#fff;         margin:0;     }     @media (max-width:444px){         .c-w a{             padding:4px 12px;         }         .c-w img{             width:24px;             margin-right:8px;         }         .c-w p{             font:14px\/25px Poppins;         }     }     @media (max-width:335px){         .c-w p{             font:13px\/25px Poppins;         }     }  <div class=\"c-w\">     <a href=\"https:\/\/www.whatsapp.com\/channel\/0029Va633PF9WtC4l7XUzh1e\" target=\"_blank\" rel=\"noopener\">         <img decoding=\"async\" src=\"https:\/\/cadenaser.com\/estaticos\/recursosgraficos\/responsive\/img\/ico-whatsapp.svg\" alt=\"Whatsapp\">         <p>\u00danete al <b>canal de WhatsApp<\/b> de la SER<\/p>     <\/a> <\/div><\/p>   <p>Horarios<\/p>   <p>El horario ordinario de la escuela ser\u00e1 de 9.00 a 14.00 horas, de lunes a viernes, si bien para \u201cfacilitar al m\u00e1ximo la conciliaci\u00f3n familiar y laboral a aquellas familias que lo necesiten\u201d se ofrecer\u00e1 la posibilidad de ampliar ese horario tanto a primera como a \u00faltima hora. As\u00ed, habr\u00e1 un servicio de \u2018escola matinera\u2019 de 07.30 a 09.00 horas; mientras que la escuela \u2018de tarde\u2019 se desarrollar\u00e1 de 15.00 a 17.00 horas. Tambi\u00e9n habr\u00e1 servicio opcional de comedor, entre las 14.00 y las 15.00 horas.<\/p>   <p>Precios<\/p>   <p>El precio por alumno es de 155 euros al mes para los socios de las AMPAs y de 185 euros al mes para los no asociados. Como en a\u00f1os anteriores, la asistencia a la escuela \u2013y por tanto la inscripci\u00f3n- puede ser mensual, quincenal o semanal. En ese caso, el precio por quincena es de 95 euros los socios y 115 euros los no socios; mientras que para una semana el coste ser\u00e1 de 55 euros los socios y 75 los no asociados.<\/p>   <p>Por lo que respecta a los servicios \u2018extra\u2019, el precio de la escuela \u2018matinera\u2019 es de 40 euros al mes para los socios y de 45 para los no asociados. El coste de este servicio con car\u00e1cter semanal y quincenal oscila entre los 15 y los 25 euros para los asociados y entre los 20 y 30 euros para los que no sean socios del AMPA. En el caso de la \u2018escuela de tarde\u2019 el precio para los asociados es de 45 euros mensuales; 35 euros la quincena y 25 euros la semana. Para los no asociados el coste es de 50, 40 y 30 euros respectivamente.<\/p>   <p>Por \u00faltimo, el servicio de comedor tiene un coste de 5,90 euros al d\u00eda.<\/p>   <p>Inscripci\u00f3n<\/p>   <p>La inscripci\u00f3n est\u00e1 abierta en <a href=\"https:\/\/www.trokolo.com\/inscripcionveranobenidorm\/\">https:\/\/www.trokolo.com\/inscripcionveranobenidorm\/<\/a>. Las que se realicen fuera de plazo, entre el 7 y el 21 de junio, tendr\u00e1n un recargo adicional de 25 euros.<\/p> ","protected":false},"excerpt":{"rendered":"<p>Ser\u00e1 del 1 de julio al 30 de agosto, para menores de 3 a 14 a\u00f1os y con posibilidad de inscripci\u00f3n mensual, quincenal o semanal<\/p>\n","protected":false},"author":0,"featured_media":5380,"comment_status":"open","ping_status":"open","sticky":false,"template":"","format":"standard","meta":{"_acf_changed":false,"footnotes":""},"categories":[1],"tags":[],"class_list":["post-5379","post","type-post","status-publish","format-standard","has-post-thumbnail","hentry","category-sin-categoria"],"acf":{"ser_id":"MGUGRXGIC5FYHFTQKTMZCNBN3U","ser_url":"https:\/\/cadenaser.com\/comunitat-valenciana\/2024\/05\/23\/abierta-la-inscripcion-para-la-escuela-de-verano-de-benidorm-consulta-lugar-fechas-y-precios-radio-benidorm\/"},"_links":{"self":[{"href":"https:\/\/serbenidorm.daliisolutions.com\/index.php\/wp-json\/wp\/v2\/posts\/5379","targetHints":{"allow":["GET"]}}],"collection":[{"href":"https:\/\/serbenidorm.daliisolutions.com\/index.php\/wp-json\/wp\/v2\/posts"}],"about":[{"href":"https:\/\/serbenidorm.daliisolutions.com\/index.php\/wp-json\/wp\/v2\/types\/post"}],"replies":[{"embeddable":true,"href":"https:\/\/serbenidorm.daliisolutions.com\/index.php\/wp-json\/wp\/v2\/comments?post=5379"}],"version-history":[{"count":0,"href":"https:\/\/serbenidorm.daliisolutions.com\/index.php\/wp-json\/wp\/v2\/posts\/5379\/revisions"}],"wp:featuredmedia":[{"embeddable":true,"href":"https:\/\/serbenidorm.daliisolutions.com\/index.php\/wp-json\/wp\/v2\/media\/5380"}],"wp:attachment":[{"href":"https:\/\/serbenidorm.daliisolutions.com\/index.php\/wp-json\/wp\/v2\/media?parent=5379"}],"wp:term":[{"taxonomy":"category","embeddable":true,"href":"https:\/\/serbenidorm.daliisolutions.com\/index.php\/wp-json\/wp\/v2\/categories?post=5379"},{"taxonomy":"post_tag","embeddable":true,"href":"https:\/\/serbenidorm.daliisolutions.com\/index.php\/wp-json\/wp\/v2\/tags?post=5379"}],"curies":[{"name":"wp","href":"https:\/\/api.w.org\/{rel}","templated":true}]}}