{"id":5381,"date":"2024-05-23T16:18:58","date_gmt":"2024-05-23T14:18:58","guid":{"rendered":"https:\/\/serbenidorm.daliisolutions.com\/index.php\/2024\/05\/23\/mazon-y-dos-ministros-en-benidorm-para-el-inicio-de-la-campana-de-las-elecciones-europeas\/"},"modified":"2024-05-23T16:18:58","modified_gmt":"2024-05-23T14:18:58","slug":"mazon-y-dos-ministros-en-benidorm-para-el-inicio-de-la-campana-de-las-elecciones-europeas","status":"publish","type":"post","link":"https:\/\/serbenidorm.daliisolutions.com\/index.php\/2024\/05\/23\/mazon-y-dos-ministros-en-benidorm-para-el-inicio-de-la-campana-de-las-elecciones-europeas\/","title":{"rendered":"Maz\u00f3n y dos ministros en Benidorm para el inicio de la campa\u00f1a de las elecciones europeas"},"content":{"rendered":"  <p>La campa\u00f1a de las elecciones al Parlamento Europeo del 9 de junio empieza este jueves por la noche y los dos grandes partidos volcar\u00e1n parte de sus esfuerzos para captar la atenci\u00f3n y el voto de la ciudadan\u00eda en la capital tur\u00edstica de la Comunitat Valenciana.<\/p>   <p>El PP de Alicante inicia esta carrera electoral en la <a href=\"https:\/\/cadenaser.com\/tag\/benidorm\/a\/\" target=\"_blank\" rel=\"noopener\">esquina del parque de Elche con la calle Maravall a las 22:00 h.<\/a> con una \u201cpicaeta\u201d y la tradicional pegada de carteles en la que participar\u00e1n el alcalde y presidente provincial, Toni P\u00e9rez, junto al presidente de los populares valencianos y jefe del Consell Carlos Maz\u00f3n.<\/p>   <p>El PSOE, por su parte, ha organizado<a href=\"https:\/\/cadenaser.com\/tag\/benidorm\/a\/\" target=\"_blank\" rel=\"noopener\"> este viernes a las 19:00 h. en el hotel Benidorm Plaza <\/a>un mitin con la participaci\u00f3n de una de las candidatas a estos comicios, la benidormense Leire Paj\u00edn, que estar\u00e1 arropada por el ministro de Presidencia y Justicia F\u00e9lix Bola\u00f1os, la ministra de Ciencia y l\u00edder de los socialistas Valencianos Diana Morant, as\u00ed como la secretaria general y portavoz local Cristina Escoda.<\/p>   <p>Censo en 2024 y resultados en 2019<\/p>   <p>Un total de 43.975 electores conforman en esta ocasi\u00f3n el censo en la ciudad, de los cuales 42.960 son residentes espa\u00f1oles y algo m\u00e1s de un millar (1.015) son extranjeros de pa\u00edses de la Uni\u00f3n Europea que han manifestado su intenci\u00f3n de votar, destacando los nacidos en Ruman\u00eda (372) y los naturales de Pa\u00edses Bajos (120).<\/p>   <p>En las pasadas elecciones europeas, celebradas el 26 de mayo de 2019, el PSOE fue el partido m\u00e1s apoyado en Benidorm con 8.058 votos (35,45 %). Le siguieron el PP que obtuvo 6.713 (29,53 %) y Ciudadanos con 3.181 (14 %). Podemos se qued\u00f3 en 1.745 votos (7,68 %) y Vox en 1.412 (6,21 %). Entonces la participaci\u00f3n a nivel local se qued\u00f3 en el 52,64 %.<\/p>   <p>     .c-w{         max-width:444px;         width:100%;         margin:16px auto;      background:#00755E;         border-radius:4px;         display:flex;         align-items:center;         justify-content:center;     }     .c-w a{         display:flex;         align-items:center;         justify-content:center;         padding:4px 24px;     }     .c-w img{         width:24px;         margin-right:12px;     }     .c-w p{         font:18px\/25px Poppins;         text-align:center;         color:#fff;         margin:0;     }     @media (max-width:444px){         .c-w a{             padding:4px 12px;         }         .c-w img{             width:24px;             margin-right:8px;         }         .c-w p{             font:14px\/25px Poppins;         }     }     @media (max-width:335px){         .c-w p{             font:13px\/25px Poppins;         }     }  <div class=\"c-w\">     <a href=\"https:\/\/www.whatsapp.com\/channel\/0029Va633PF9WtC4l7XUzh1e\" target=\"_blank\" rel=\"noopener\">         <img decoding=\"async\" src=\"https:\/\/cadenaser.com\/estaticos\/recursosgraficos\/responsive\/img\/ico-whatsapp.svg\" alt=\"Whatsapp\">         <p>\u00danete al <b>canal de WhatsApp<\/b> de la SER<\/p>     <\/a> <\/div><\/p>   <p>M\u00e1s all\u00e1 de los favoritos<\/p>   <p>Y de los grandes partidos pol\u00edticos a aquellos nuevos o desconocidos que se presentan a esta cita con las urnas. Entre ellos est\u00e1 SAE, que son las siglas de Soberan\u00eda Alimentaria Espa\u00f1ola, una nueva lista compuesta por profesionales de la agricultura, la ganader\u00eda o la pesca como Felipe Solbes, vicepresidente de la cofrad\u00eda de pescadores de La Vila Joiosa.<\/p>  <p><figure><img loading=\"lazy\" decoding=\"async\" src=\"https:\/\/cadenaser.com\/resizer\/v2\/N7AG4BHUKVCCLLYAULWMIAWORU.jpeg?auth=509cfcf8de76accf485ec006819e2ee41ae26d69c50a4f588a30a7ac9f1f384e&amp;quality=70&amp;width=360&amp;height=202&amp;smart=true\" alt=\"Soberan\u00eda Alimentaria Espa\u00f1ola, un nuevo partido en las elecciones europeas para defender al sector primario\" width=\"240\" height=\"135\" \/><\/figure><div><a href=\"https:\/\/cadenaser.com\/audio\/1716452850279\/\">Soberan\u00eda Alimentaria Espa\u00f1ola, un nuevo partido en las elecciones europeas para defender al sector primario<\/a><p><\/p><\/div><\/p>   <p>En <a href=\"https:\/\/cadenaser.com\/tag\/comarca_la_marina_baixa\/a\/\" target=\"_blank\" rel=\"noopener\">La Ventana de la Marina Baixa<\/a> Solbes, que ocupa el puesto n\u00famero 13, nos ha explicado junto a los dos hombres que encabezan la candidatura, Alexis Codesal y Jes\u00fas Fuentes, como su objetivo principal es que las reivindicaciones del sector primario lleguen a Bruselas: \u00abLa gente no muestra inter\u00e9s por Europa y es de donde vienen todas las leyes y ayudas de los barcos\u00bb. Los tres se han mostrado confiados en que obtengan representaci\u00f3n con al menos un eurodiputado.<\/p> ","protected":false},"excerpt":{"rendered":"<p>Los populares de la provincia celebran su primera pegada de carteles en la ciudad y dos ministros socialistas arropar\u00e1n a Leire Paj\u00edn en un mitin este viernes<\/p>\n","protected":false},"author":0,"featured_media":5382,"comment_status":"open","ping_status":"open","sticky":false,"template":"","format":"standard","meta":{"_acf_changed":false,"footnotes":""},"categories":[1],"tags":[],"class_list":["post-5381","post","type-post","status-publish","format-standard","has-post-thumbnail","hentry","category-sin-categoria"],"acf":{"ser_id":"2BPRC3ATWNDCPDB3YBPFBN4OXQ","ser_url":"https:\/\/cadenaser.com\/comunitat-valenciana\/2024\/05\/23\/psoe-y-pp-inician-en-benidorm-la-campana-de-las-elecciones-europeas-radio-benidorm\/"},"_links":{"self":[{"href":"https:\/\/serbenidorm.daliisolutions.com\/index.php\/wp-json\/wp\/v2\/posts\/5381","targetHints":{"allow":["GET"]}}],"collection":[{"href":"https:\/\/serbenidorm.daliisolutions.com\/index.php\/wp-json\/wp\/v2\/posts"}],"about":[{"href":"https:\/\/serbenidorm.daliisolutions.com\/index.php\/wp-json\/wp\/v2\/types\/post"}],"replies":[{"embeddable":true,"href":"https:\/\/serbenidorm.daliisolutions.com\/index.php\/wp-json\/wp\/v2\/comments?post=5381"}],"version-history":[{"count":0,"href":"https:\/\/serbenidorm.daliisolutions.com\/index.php\/wp-json\/wp\/v2\/posts\/5381\/revisions"}],"wp:featuredmedia":[{"embeddable":true,"href":"https:\/\/serbenidorm.daliisolutions.com\/index.php\/wp-json\/wp\/v2\/media\/5382"}],"wp:attachment":[{"href":"https:\/\/serbenidorm.daliisolutions.com\/index.php\/wp-json\/wp\/v2\/media?parent=5381"}],"wp:term":[{"taxonomy":"category","embeddable":true,"href":"https:\/\/serbenidorm.daliisolutions.com\/index.php\/wp-json\/wp\/v2\/categories?post=5381"},{"taxonomy":"post_tag","embeddable":true,"href":"https:\/\/serbenidorm.daliisolutions.com\/index.php\/wp-json\/wp\/v2\/tags?post=5381"}],"curies":[{"name":"wp","href":"https:\/\/api.w.org\/{rel}","templated":true}]}}