{"id":5383,"date":"2024-05-23T16:18:59","date_gmt":"2024-05-23T14:18:59","guid":{"rendered":"https:\/\/serbenidorm.daliisolutions.com\/index.php\/2024\/05\/23\/el-tm-benidorm-anuncia-la-llegada-de-hugo-vila\/"},"modified":"2024-05-23T16:18:59","modified_gmt":"2024-05-23T14:18:59","slug":"el-tm-benidorm-anuncia-la-llegada-de-hugo-vila","status":"publish","type":"post","link":"https:\/\/serbenidorm.daliisolutions.com\/index.php\/2024\/05\/23\/el-tm-benidorm-anuncia-la-llegada-de-hugo-vila\/","title":{"rendered":"El TM Benidorm anuncia la llegada de Hugo Vila"},"content":{"rendered":"  <p>El TM Benidorm viajar\u00e1 este fin de semana hasta la cancha del Granollers para afrontar la \u00faltima jornada de la actual edici\u00f3n de la <a href=\"https:\/\/cadenaser.com\/tag\/liga_asobal\/a\/\">Liga Asobal<\/a> en la que, <a href=\"https:\/\/cadenaser.com\/comunitat-valenciana\/2024\/05\/18\/el-desacierto-en-la-poteria-condena-al-tm-benidorm-ante-anaitasuna-radio-benidorm\/\">tras caer en casa ante el Anaitasuna<\/a>, se ha quedado ya sin opciones de atacar un puesto entre los ocho mejores.<\/p>  <p><p>M\u00e1s informaci\u00f3n<\/p><figure><img loading=\"lazy\" decoding=\"async\" src=\"https:\/\/cadenaser.com\/resizer\/v2\/OAKMBNI4ZFETHMSLQCGXLEMVPA.jpg?auth=f0d33d2c2b861ba4492ca43ffe1505137f7c29237b35458ccc1706c90c14be00&amp;quality=70&amp;width=360&amp;height=202&amp;smart=true\" width=\"820\" height=\"621\" \/><\/figure><ul><li><a href=\"https:\/\/cadenaser.com\/comunitat-valenciana\/2024\/04\/03\/esta-sera-la-plantilla-del-tm-benidorm-para-la-temporada-2024-2025-radio-benidorm\/\"><span>Esta ser\u00e1 la plantilla del TM Benidorm para la temporada 2024-2025<\/span><\/a><\/li><\/ul><\/p>   <p>Antes de bajar definitivamente el tel\u00f3n de esta campa\u00f1a, el <a href=\"https:\/\/cadenaser.com\/tag\/club_balonmano_benidorm\/a\/\">Club Balonmano Benidorm<\/a> sigue dando pasos en confeccionar la que ser\u00e1 su plantilla para el pr\u00f3ximo a\u00f1o y, tras <a href=\"https:\/\/cadenaser.com\/comunitat-valenciana\/2024\/04\/03\/esta-sera-la-plantilla-del-tm-benidorm-para-la-temporada-2024-2025-radio-benidorm\/\" target=\"_blank\" rel=\"noopener\">haber confirmado la continuidad de la pr\u00e1ctica totalidad de sus actuales efectivos<\/a>, ha anunciado este jueves el fichaje de Hugo Vila, jovenc\u00edsimo extremo derecho que llega con un acuerdo que lo vincula a la entidad del Palau d\u2019Esports hasta 2027 con la posibilidad de prorrogar su estancia un a\u00f1o m\u00e1s.<\/p>   <p>Vila es una de las grandes promesas del balonmano nacional, tal y como demuestra su presencia habitual, con s\u00f3lo 18 a\u00f1os, en las convocatorias de los Hispanos Promesas, con los que se ha proclamado recientemente campe\u00f3n del Cuatro Naciones y con los que ha participado en el Campeonato Mediterr\u00e1neo.<\/p>   <p><p><strong>Sigue el canal de Carrusel en WhatsApp<\/strong><br \/>\u00a1Bienvenido al canal de Whatsapp de Carrusel! Toda la emoci\u00f3n del deporte, EN DIRECTO. Dirige Dani Garrido<\/p><a href=\"https:\/\/whatsapp.com\/channel\/0029Va8gTnP3rZZcN6Uzfi1x\" title=\"Suscr\u00edbete\">Suscr\u00edbete ahora<\/a><\/p> ","protected":false},"excerpt":{"rendered":"<p>Recientemente se ha proclamado campe\u00f3n del Cuatro Naciones con los Hispanos Promesas<\/p>\n","protected":false},"author":0,"featured_media":5384,"comment_status":"open","ping_status":"open","sticky":false,"template":"","format":"standard","meta":{"_acf_changed":false,"footnotes":""},"categories":[16],"tags":[],"class_list":["post-5383","post","type-post","status-publish","format-standard","has-post-thumbnail","hentry","category-deportes"],"acf":{"ser_id":"C7GQGDHGOVETFHCJ54EQNPEWDM","ser_url":"https:\/\/cadenaser.com\/comunitat-valenciana\/2024\/05\/23\/el-tm-benidorm-anuncia-la-llegada-de-hugo-vila-radio-benidorm\/"},"_links":{"self":[{"href":"https:\/\/serbenidorm.daliisolutions.com\/index.php\/wp-json\/wp\/v2\/posts\/5383","targetHints":{"allow":["GET"]}}],"collection":[{"href":"https:\/\/serbenidorm.daliisolutions.com\/index.php\/wp-json\/wp\/v2\/posts"}],"about":[{"href":"https:\/\/serbenidorm.daliisolutions.com\/index.php\/wp-json\/wp\/v2\/types\/post"}],"replies":[{"embeddable":true,"href":"https:\/\/serbenidorm.daliisolutions.com\/index.php\/wp-json\/wp\/v2\/comments?post=5383"}],"version-history":[{"count":0,"href":"https:\/\/serbenidorm.daliisolutions.com\/index.php\/wp-json\/wp\/v2\/posts\/5383\/revisions"}],"wp:featuredmedia":[{"embeddable":true,"href":"https:\/\/serbenidorm.daliisolutions.com\/index.php\/wp-json\/wp\/v2\/media\/5384"}],"wp:attachment":[{"href":"https:\/\/serbenidorm.daliisolutions.com\/index.php\/wp-json\/wp\/v2\/media?parent=5383"}],"wp:term":[{"taxonomy":"category","embeddable":true,"href":"https:\/\/serbenidorm.daliisolutions.com\/index.php\/wp-json\/wp\/v2\/categories?post=5383"},{"taxonomy":"post_tag","embeddable":true,"href":"https:\/\/serbenidorm.daliisolutions.com\/index.php\/wp-json\/wp\/v2\/tags?post=5383"}],"curies":[{"name":"wp","href":"https:\/\/api.w.org\/{rel}","templated":true}]}}