{"id":5385,"date":"2024-05-23T16:19:00","date_gmt":"2024-05-23T14:19:00","guid":{"rendered":"https:\/\/serbenidorm.daliisolutions.com\/index.php\/2024\/05\/23\/miguel-fuster-vuelve-al-cera-con-citroen\/"},"modified":"2024-05-23T16:19:00","modified_gmt":"2024-05-23T14:19:00","slug":"miguel-fuster-vuelve-al-cera-con-citroen","status":"publish","type":"post","link":"https:\/\/serbenidorm.daliisolutions.com\/index.php\/2024\/05\/23\/miguel-fuster-vuelve-al-cera-con-citroen\/","title":{"rendered":"Miguel Fuster vuelve al CERA con Citro\u00ebn"},"content":{"rendered":"  <p>Seis a\u00f1os despu\u00e9s de haberse proclamado por sexta y \u00faltima vez campe\u00f3n de Espa\u00f1a de rallys, el benidormense Miguel Fuster vuelve a ponerse tras el volante para disputar el Campeonato de Espa\u00f1a de Rallys de Asfalto (CERA). Su debut en la presente campa\u00f1a se producir\u00e1 este fin de semana con motivo del Rally Ciudad de Nar\u00f3n, en Galicia, segunda puntuable del certamen.<\/p>   <p>Fuster protagonizar\u00e1 su retorno poni\u00e9ndose al volante de un Citro\u00ebn C3 Rally2 en lo que, de alguna manera, supone una vuelta completa a sus or\u00edgenes ya que fue con la marca francesa, en aquel momento con un Saxo Kit Car, con la que obtuvo su primer t\u00edtulo de campe\u00f3n de Espa\u00f1a en el a\u00f1o 2003.<\/p>   <p>M\u00e1s de dos d\u00e9cadas despu\u00e9s de aquello, Fuster lleva meses prepar\u00e1ndose a conciencia para su regreso a la competici\u00f3n, en el que estar\u00e1 acompa\u00f1ado por Alba S\u00e1nchez, ganadora del Trofeo Femenino del S-CER 2021.<\/p>   <p>A d\u00eda de hoy, Miguel Fuster sigue siendo el piloto espa\u00f1ol con mejor palmar\u00e9s de cuantos estar\u00e1n presentes en el CERA gracias, entre otros muchos m\u00e9ritos, a los seis t\u00edtulos de Campe\u00f3n de Espa\u00f1a antes del cambio de formato que sufri\u00f3 la competici\u00f3n para convertirse en el S-CER.<\/p>   <p>Antes de poner rumbo a tierras gallegas, Fuster ha asegurado estar \u201cmuy contento de volver a competir con Citro\u00ebn 20 a\u00f1os despu\u00e9s. A mis 52 a\u00f1os, significa mucho para m\u00ed volver a ser piloto de una marca como Citro\u00ebn y defender sus colores. Me siento muy motivado y con much\u00edsimas ganas de darlo todo\u201d.<\/p>   <p>     .c-w{         max-width:444px;         width:100%;         margin:16px auto;      background:#00755E;         border-radius:4px;         display:flex;         align-items:center;         justify-content:center;     }     .c-w a{         display:flex;         align-items:center;         justify-content:center;         padding:4px 24px;     }     .c-w img{         width:24px;         margin-right:12px;     }     .c-w p{         font:18px\/25px Poppins;         text-align:center;         color:#fff;         margin:0;     }     @media (max-width:444px){         .c-w a{             padding:4px 12px;         }         .c-w img{             width:24px;             margin-right:8px;         }         .c-w p{             font:14px\/25px Poppins;         }     }     @media (max-width:335px){         .c-w p{             font:13px\/25px Poppins;         }     }  <div class=\"c-w\">     <a href=\"https:\/\/www.whatsapp.com\/channel\/0029Va633PF9WtC4l7XUzh1e\" target=\"_blank\" rel=\"noopener\">         <img decoding=\"async\" src=\"https:\/\/cadenaser.com\/estaticos\/recursosgraficos\/responsive\/img\/ico-whatsapp.svg\" alt=\"Whatsapp\">         <p>\u00danete al <b>canal de WhatsApp<\/b> de la SER<\/p>     <\/a> <\/div><\/p>   <p><p><strong>Sigue el canal de Carrusel en WhatsApp<\/strong><br \/>\u00a1Bienvenido al canal de Whatsapp de Carrusel! Toda la emoci\u00f3n del deporte, EN DIRECTO. Dirige Dani Garrido<\/p><a href=\"https:\/\/whatsapp.com\/channel\/0029Va8gTnP3rZZcN6Uzfi1x\" title=\"Suscr\u00edbete\">Suscr\u00edbete ahora<\/a><\/p> ","protected":false},"excerpt":{"rendered":"<p>El piloto benidormense consigui\u00f3 el primero de sus seis t\u00edtulos de campe\u00f3n de Espa\u00f1a con la marca francesa<\/p>\n","protected":false},"author":0,"featured_media":5386,"comment_status":"open","ping_status":"open","sticky":false,"template":"","format":"standard","meta":{"_acf_changed":false,"footnotes":""},"categories":[16],"tags":[],"class_list":["post-5385","post","type-post","status-publish","format-standard","has-post-thumbnail","hentry","category-deportes"],"acf":{"ser_id":"CC7K2L3LFBFNDFAOYUP65HZJWE","ser_url":"https:\/\/cadenaser.com\/comunitat-valenciana\/2024\/05\/23\/miguel-fuster-vuelve-al-cera-con-citroen-radio-benidorm\/"},"_links":{"self":[{"href":"https:\/\/serbenidorm.daliisolutions.com\/index.php\/wp-json\/wp\/v2\/posts\/5385","targetHints":{"allow":["GET"]}}],"collection":[{"href":"https:\/\/serbenidorm.daliisolutions.com\/index.php\/wp-json\/wp\/v2\/posts"}],"about":[{"href":"https:\/\/serbenidorm.daliisolutions.com\/index.php\/wp-json\/wp\/v2\/types\/post"}],"replies":[{"embeddable":true,"href":"https:\/\/serbenidorm.daliisolutions.com\/index.php\/wp-json\/wp\/v2\/comments?post=5385"}],"version-history":[{"count":0,"href":"https:\/\/serbenidorm.daliisolutions.com\/index.php\/wp-json\/wp\/v2\/posts\/5385\/revisions"}],"wp:featuredmedia":[{"embeddable":true,"href":"https:\/\/serbenidorm.daliisolutions.com\/index.php\/wp-json\/wp\/v2\/media\/5386"}],"wp:attachment":[{"href":"https:\/\/serbenidorm.daliisolutions.com\/index.php\/wp-json\/wp\/v2\/media?parent=5385"}],"wp:term":[{"taxonomy":"category","embeddable":true,"href":"https:\/\/serbenidorm.daliisolutions.com\/index.php\/wp-json\/wp\/v2\/categories?post=5385"},{"taxonomy":"post_tag","embeddable":true,"href":"https:\/\/serbenidorm.daliisolutions.com\/index.php\/wp-json\/wp\/v2\/tags?post=5385"}],"curies":[{"name":"wp","href":"https:\/\/api.w.org\/{rel}","templated":true}]}}