{"id":5401,"date":"2024-05-24T07:05:21","date_gmt":"2024-05-24T05:05:21","guid":{"rendered":"https:\/\/serbenidorm.daliisolutions.com\/index.php\/2024\/05\/24\/desigual-seguimiento-de-la-huelga-educativa-en-benidorm\/"},"modified":"2024-05-24T07:05:21","modified_gmt":"2024-05-24T05:05:21","slug":"desigual-seguimiento-de-la-huelga-educativa-en-benidorm","status":"publish","type":"post","link":"https:\/\/serbenidorm.daliisolutions.com\/index.php\/2024\/05\/24\/desigual-seguimiento-de-la-huelga-educativa-en-benidorm\/","title":{"rendered":"Desigual seguimiento de la huelga educativa en Benidorm"},"content":{"rendered":"  <p>La jornada de huelga en el \u00e1mbito educativo de la Comunitat Valenciana ha tenido un seguimiento, seg\u00fan cifras de la Conselleria de Educaci\u00f3n, de menos del 18 % en la provincia de Alicante. Sin datos concretos de participaci\u00f3n en la Marina Baixa, los profesores de distintos niveles educativos que han ido participando este jueves en <a href=\"https:\/\/cadenaser.com\/tag\/benidorm\/a\/\" target=\"_blank\" rel=\"noopener\">Hoy por Hoy Benidorm<\/a> han coincidido en definirla como \u00abdesigual\u00bb. <\/p>   <p>Algo que han explicado porque si bien la queja debido a la reducci\u00f3n de aulas y el aumento previsto en las ratios, es decir, m\u00e1s alumnos por clase, ha generado consenso, otras cuestiones como el uso del valenciano o la cercan\u00eda de esta convocatoria con las elecciones europeas han provocado m\u00e1s pol\u00e9mica. <\/p>   <p>Izaga, que s\u00ed ha parado, es profesora de m\u00fasica en el C.E.I.P. Ausi\u00e0s March de Benidorm: \u00abNo todo el mundo est\u00e1 movilizado, el hecho de que no la secunden todos los sindicatos ha producido desafecci\u00f3n y tambi\u00e9n que son reivindicaciones que se llevan haciendo a\u00f1os y creen que est\u00e1 movilizaci\u00f3n se hace porque ha habido un cambio de gobierno cuando deber\u00eda haberse hecho antes\u00bb, ha explicado.<\/p>  <p><p>M\u00e1s informaci\u00f3n<\/p><figure><img loading=\"lazy\" decoding=\"async\" src=\"https:\/\/cadenaser.com\/resizer\/v2\/3CKCF3C4BFHHTOF6B6OXXLWUZE.jpg?auth=42ec9bffd5c58a7ff9fc4f6588436da26481fa587634eaac4a07b49e8e7b108b&amp;quality=70&amp;width=360&amp;height=202&amp;smart=true\" width=\"820\" height=\"621\" \/><\/figure><ul><li><a href=\"https:\/\/cadenaser.com\/comunitat-valenciana\/2024\/05\/23\/huelga-educativa-en-alicante-unas-2000-personas-protestan-en-el-arranque-de-la-jornada-radio-alicante\/\"><span>Huelga educativa en Alicante: unas 2.000 personas protestan en el arranque de la jornada<\/span><\/a><\/li><\/ul><\/p>   <p>En la manifestaci\u00f3n convocada esta ma\u00f1ana en Alicante capital han participado alrededor de 2.000 personas, entre ellas grupos de docentes y alumnos de la comarca que se han desplazado para la ocasi\u00f3n. <\/p>   <p>\u00abUn d\u00eda importante\u00bb: seguimiento masivo en la E.O.I.<\/p>   <p>Adem\u00e1s de en colegios e institutos, los profesionales de las escuelas oficiales de idiomas, como la de Benidorm, tambi\u00e9n han secundado la huelga y, en este caso, de manera m\u00e1s contundente. Claman contra los recortes y niegan la justificaci\u00f3n de la conselleria de Educaci\u00f3n en la falta de demanda para eliminar horarios y agrupar niveles reduciendo el n\u00famero de profesores. <\/p>   <p>     .c-w{         max-width:444px;         width:100%;         margin:16px auto;      background:#00755E;         border-radius:4px;         display:flex;         align-items:center;         justify-content:center;     }     .c-w a{         display:flex;         align-items:center;         justify-content:center;         padding:4px 24px;     }     .c-w img{         width:24px;         margin-right:12px;     }     .c-w p{         font:18px\/25px Poppins;         text-align:center;         color:#fff;         margin:0;     }     @media (max-width:444px){         .c-w a{             padding:4px 12px;         }         .c-w img{             width:24px;             margin-right:8px;         }         .c-w p{             font:14px\/25px Poppins;         }     }     @media (max-width:335px){         .c-w p{             font:13px\/25px Poppins;         }     }  <div class=\"c-w\">     <a href=\"https:\/\/www.whatsapp.com\/channel\/0029Va633PF9WtC4l7XUzh1e\" target=\"_blank\" rel=\"noopener\">         <img decoding=\"async\" src=\"https:\/\/cadenaser.com\/estaticos\/recursosgraficos\/responsive\/img\/ico-whatsapp.svg\" alt=\"Whatsapp\">         <p>\u00danete al <b>canal de WhatsApp<\/b> de la SER<\/p>     <\/a> <\/div><\/p>  <p><p class=\"tit\"><span>Seguimiento masivo de la huelga educativa en la EOI de Benidorm<\/span><\/p> <p class=\"emb\"><iframe loading=\"lazy\" src=\"https:\/\/cadenaser.com\/embed\/audio\/460\/1716466279420\/\" width=\"100%\" height=\"360\" frameborder=\"0\" allowfullscreen><\/iframe><\/p><\/p>   <p>La jefa de estudios en la capital tur\u00edstica, Amparo Zapata, ha recordado que llevan ya varios meses enviando comunicados, recogiendo firmas y saliendo a la calle: \u00abSiempre tenemos listas de espera y ahora vamos a tener m\u00e1s todav\u00eda. Se van a ver afectados los grupos de franc\u00e9s, italiano e ingl\u00e9s\u00bb. En el caso de la escuela de idiomas de Benidorm, recuerda, la reducci\u00f3n afecta a 13 grupos.<\/p> ","protected":false},"excerpt":{"rendered":"<p>La participaci\u00f3n ha sido m\u00e1s contundente en la Escuela Oficial de Idiomas<\/p>\n","protected":false},"author":0,"featured_media":5402,"comment_status":"open","ping_status":"open","sticky":false,"template":"","format":"standard","meta":{"_acf_changed":false,"footnotes":""},"categories":[1],"tags":[],"class_list":["post-5401","post","type-post","status-publish","format-standard","has-post-thumbnail","hentry","category-sin-categoria"],"acf":{"ser_id":"MW6CWBBKBJFN3CFMZN55UUIPME","ser_url":"https:\/\/cadenaser.com\/comunitat-valenciana\/2024\/05\/23\/desigual-seguimiento-de-la-huelga-educativa-en-benidorm-radio-benidorm\/"},"_links":{"self":[{"href":"https:\/\/serbenidorm.daliisolutions.com\/index.php\/wp-json\/wp\/v2\/posts\/5401","targetHints":{"allow":["GET"]}}],"collection":[{"href":"https:\/\/serbenidorm.daliisolutions.com\/index.php\/wp-json\/wp\/v2\/posts"}],"about":[{"href":"https:\/\/serbenidorm.daliisolutions.com\/index.php\/wp-json\/wp\/v2\/types\/post"}],"replies":[{"embeddable":true,"href":"https:\/\/serbenidorm.daliisolutions.com\/index.php\/wp-json\/wp\/v2\/comments?post=5401"}],"version-history":[{"count":0,"href":"https:\/\/serbenidorm.daliisolutions.com\/index.php\/wp-json\/wp\/v2\/posts\/5401\/revisions"}],"wp:featuredmedia":[{"embeddable":true,"href":"https:\/\/serbenidorm.daliisolutions.com\/index.php\/wp-json\/wp\/v2\/media\/5402"}],"wp:attachment":[{"href":"https:\/\/serbenidorm.daliisolutions.com\/index.php\/wp-json\/wp\/v2\/media?parent=5401"}],"wp:term":[{"taxonomy":"category","embeddable":true,"href":"https:\/\/serbenidorm.daliisolutions.com\/index.php\/wp-json\/wp\/v2\/categories?post=5401"},{"taxonomy":"post_tag","embeddable":true,"href":"https:\/\/serbenidorm.daliisolutions.com\/index.php\/wp-json\/wp\/v2\/tags?post=5401"}],"curies":[{"name":"wp","href":"https:\/\/api.w.org\/{rel}","templated":true}]}}