{"id":5407,"date":"2024-05-24T10:29:38","date_gmt":"2024-05-24T08:29:38","guid":{"rendered":"https:\/\/serbenidorm.daliisolutions.com\/index.php\/2024\/05\/24\/el-tm-benidorm-se-despide-de-la-temporada-en-granollers\/"},"modified":"2024-05-24T10:29:38","modified_gmt":"2024-05-24T08:29:38","slug":"el-tm-benidorm-se-despide-de-la-temporada-en-granollers","status":"publish","type":"post","link":"https:\/\/serbenidorm.daliisolutions.com\/index.php\/2024\/05\/24\/el-tm-benidorm-se-despide-de-la-temporada-en-granollers\/","title":{"rendered":"El TM Benidorm se despide de la temporada en Granollers"},"content":{"rendered":"  <p>El <a href=\"https:\/\/cadenaser.com\/tag\/club_balonmano_benidorm\/a\/\" target=\"_blank\" rel=\"noopener\">TM Benidorm<\/a> pondr\u00e1 este s\u00e1bado (17:00 horas) punto y final a su andadura en la que ha sido su d\u00e9cima participaci\u00f3n consecutiva en la <a href=\"https:\/\/cadenaser.com\/tag\/liga_asobal\/a\/\" target=\"_blank\" rel=\"noopener\">Liga Asobal<\/a> visitando la cancha del Granollers, un equipo que ya tiene asegurada de manera matem\u00e1tica la tercera plaza final, por lo que lo \u00fanico que est\u00e1 en juego en esta postrera fecha de la competici\u00f3n es la posici\u00f3n final del conjunto de Sergio Carballeira, actualmente d\u00e9cimo con 25 puntos y, por lo tanto, peleando esa misma posici\u00f3n con Torrelavega, que suma los mismos puntos y que se las ver\u00e1 con Huesca.<\/p>   <p>Tras <a href=\"https:\/\/cadenaser.com\/comunitat-valenciana\/2024\/05\/18\/el-desacierto-en-la-poteria-condena-al-tm-benidorm-ante-anaitasuna-radio-benidorm\/\" target=\"_blank\" rel=\"noopener\">la derrota del pasado fin de semana en el Palau d\u2019Esports ante Anaitasuna<\/a>, el TM Benidorm se ha quedado ya fuera de la pelea por las ocho primeras posiciones, por lo que este \u00faltimo choque del a\u00f1o apenas presenta alicientes de emoci\u00f3n para los intereses de los benidormenses.<\/p>  <p><p>M\u00e1s informaci\u00f3n<\/p><figure><img loading=\"lazy\" decoding=\"async\" src=\"https:\/\/cadenaser.com\/resizer\/v2\/BM74FJWKTFDCXBH77RJBF6LRMM.JPG?auth=52c6a27e1e5a6cfeccbb58480a761b2fa115eb35e646e7019360103ab240a0f5&amp;quality=70&amp;width=360&amp;height=202&amp;smart=true\" width=\"820\" height=\"621\" \/><\/figure><ul><li><a href=\"https:\/\/cadenaser.com\/tag\/club_balonmano_benidorm\/a\/\"><span>Todas las noticias del TM Benidorm<\/span><\/a><\/li><\/ul><\/p>   <p>En cualquier caso, y pase lo que pase en Granollers, el equipo de Sergio Carballeira cerrar\u00e1 su primera d\u00e9cada en la \u00e9lite del balonmano espa\u00f1ol con nota. Cabe recordar que no s\u00f3lo el primer equipo, sino la propia entidad arrancaban el pasado mes de septiembre una nueva etapa tras un cambio de directiva y de entrenador que culminaban una de las etapas m\u00e1s brillantes en la historia del deporte local.<\/p>   <p>Todos esos cambios provocaron que no fueran pocas las inc\u00f3gnitas sobre el desempe\u00f1o de los del Palau d\u2019Esports que, finalmente, han sabido llegar al final de la competici\u00f3n sin sufrir por alcanzar ese objetivo principal de la permanencia y pudiendo, hasta la pasada semana, buscar un puesto en la zona noble de la clasificaci\u00f3n.<\/p>   <p>Adem\u00e1s, y a nivel individual, Nacho Valles ha sido elegido como el mejor central de la <a href=\"https:\/\/cadenaser.com\/tag\/liga_asobal\/a\/\" target=\"_blank\" rel=\"noopener\">Liga Asobal<\/a> en una votaci\u00f3n en la que Ramiro Mart\u00ednez tambi\u00e9n alcanz\u00f3 el corte final entre los cinco mejores extremos de la competici\u00f3n dom\u00e9stica.<\/p>   <p>     .c-w{         max-width:444px;         width:100%;         margin:16px auto;      background:#00755E;         border-radius:4px;         display:flex;         align-items:center;         justify-content:center;     }     .c-w a{         display:flex;         align-items:center;         justify-content:center;         padding:4px 24px;     }     .c-w img{         width:24px;         margin-right:12px;     }     .c-w p{         font:18px\/25px Poppins;         text-align:center;         color:#fff;         margin:0;     }     @media (max-width:444px){         .c-w a{             padding:4px 12px;         }         .c-w img{             width:24px;             margin-right:8px;         }         .c-w p{             font:14px\/25px Poppins;         }     }     @media (max-width:335px){         .c-w p{             font:13px\/25px Poppins;         }     }  <div class=\"c-w\">     <a href=\"https:\/\/www.whatsapp.com\/channel\/0029Va633PF9WtC4l7XUzh1e\" target=\"_blank\" rel=\"noopener\">         <img decoding=\"async\" src=\"https:\/\/cadenaser.com\/estaticos\/recursosgraficos\/responsive\/img\/ico-whatsapp.svg\" alt=\"Whatsapp\">         <p>\u00danete al <b>canal de WhatsApp<\/b> de la SER<\/p>     <\/a> <\/div><\/p>   <p><p><strong>Sigue el canal de Carrusel en WhatsApp<\/strong><br \/>\u00a1Bienvenido al canal de Whatsapp de Carrusel! Toda la emoci\u00f3n del deporte, EN DIRECTO. Dirige Dani Garrido<\/p><a href=\"https:\/\/whatsapp.com\/channel\/0029Va8gTnP3rZZcN6Uzfi1x\" title=\"Suscr\u00edbete\">Suscr\u00edbete ahora<\/a><\/p> ","protected":false},"excerpt":{"rendered":"<p>El equipo benidormense pone punto y final a su d\u00e9cima campa\u00f1a consecutiva en la Liga Asobal<\/p>\n","protected":false},"author":0,"featured_media":5408,"comment_status":"open","ping_status":"open","sticky":false,"template":"","format":"standard","meta":{"_acf_changed":false,"footnotes":""},"categories":[16],"tags":[],"class_list":["post-5407","post","type-post","status-publish","format-standard","has-post-thumbnail","hentry","category-deportes"],"acf":{"ser_id":"ZR3SJTQINVC5JDUKWLTEAWQ5VM","ser_url":"https:\/\/cadenaser.com\/comunitat-valenciana\/2024\/05\/24\/el-tm-benidorm-se-despide-de-la-temporada-en-granollers-radio-benidorm\/"},"_links":{"self":[{"href":"https:\/\/serbenidorm.daliisolutions.com\/index.php\/wp-json\/wp\/v2\/posts\/5407","targetHints":{"allow":["GET"]}}],"collection":[{"href":"https:\/\/serbenidorm.daliisolutions.com\/index.php\/wp-json\/wp\/v2\/posts"}],"about":[{"href":"https:\/\/serbenidorm.daliisolutions.com\/index.php\/wp-json\/wp\/v2\/types\/post"}],"replies":[{"embeddable":true,"href":"https:\/\/serbenidorm.daliisolutions.com\/index.php\/wp-json\/wp\/v2\/comments?post=5407"}],"version-history":[{"count":0,"href":"https:\/\/serbenidorm.daliisolutions.com\/index.php\/wp-json\/wp\/v2\/posts\/5407\/revisions"}],"wp:featuredmedia":[{"embeddable":true,"href":"https:\/\/serbenidorm.daliisolutions.com\/index.php\/wp-json\/wp\/v2\/media\/5408"}],"wp:attachment":[{"href":"https:\/\/serbenidorm.daliisolutions.com\/index.php\/wp-json\/wp\/v2\/media?parent=5407"}],"wp:term":[{"taxonomy":"category","embeddable":true,"href":"https:\/\/serbenidorm.daliisolutions.com\/index.php\/wp-json\/wp\/v2\/categories?post=5407"},{"taxonomy":"post_tag","embeddable":true,"href":"https:\/\/serbenidorm.daliisolutions.com\/index.php\/wp-json\/wp\/v2\/tags?post=5407"}],"curies":[{"name":"wp","href":"https:\/\/api.w.org\/{rel}","templated":true}]}}