{"id":5420,"date":"2024-05-24T14:01:05","date_gmt":"2024-05-24T12:01:05","guid":{"rendered":"https:\/\/serbenidorm.daliisolutions.com\/index.php\/2024\/05\/24\/desarticulada-en-altea-callosa-y-bolulla-una-asociacion-ilicita-de-cannabis-que-traficaba-con-francia\/"},"modified":"2024-05-24T14:01:05","modified_gmt":"2024-05-24T12:01:05","slug":"desarticulada-en-altea-callosa-y-bolulla-una-asociacion-ilicita-de-cannabis-que-traficaba-con-francia","status":"publish","type":"post","link":"https:\/\/serbenidorm.daliisolutions.com\/index.php\/2024\/05\/24\/desarticulada-en-altea-callosa-y-bolulla-una-asociacion-ilicita-de-cannabis-que-traficaba-con-francia\/","title":{"rendered":"Desarticulada en Altea, Callosa y Bolulla una asociaci\u00f3n il\u00edcita de cannabis que traficaba con Francia"},"content":{"rendered":"  <p>La Guardia Civil ha desarrollado una operaci\u00f3n en la comarca que se ha saldado con la detenci\u00f3n de tres personas, dos hombres y una mujer de entre 33 y 61 a\u00f1os, seg\u00fan ha informado el cuerpo en un comunicado.<\/p>  <p><p>M\u00e1s informaci\u00f3n<\/p><figure><img loading=\"lazy\" decoding=\"async\" src=\"https:\/\/cadenaser.com\/resizer\/v2\/5F7SI2ITNZDNTO33MW5WHTH4FU.jpg?auth=d2221397d0d9388566f1346928b717dcf1913bef286757898234a714c00ac126&amp;quality=70&amp;width=360&amp;height=202&amp;smart=true\" width=\"820\" height=\"621\" \/><\/figure><ul><li><a href=\"https:\/\/cadenaser.com\/comunitat-valenciana\/2024\/05\/21\/detenido-en-altea-un-fugitivo-internacional-buscado-por-drogas-y-organizacion-criminal-radio-benidorm\/\"><span>Detenido en Altea un fugitivo internacional buscado por drogas y organizaci\u00f3n criminal<\/span><\/a><\/li><\/ul><\/p>   <p>Se les imputan los delitos de asociaci\u00f3n il\u00edcita y tr\u00e1fico de drogas. En total se han intervenido 12.000 gramos de marihuana, 730 gramos de hach\u00eds, 91 gramos de BHO, setas alucin\u00f3genas y m\u00e1s de 4.000 euros en efectivo.<\/p>   <p>En el mes de marzo, <a href=\"https:\/\/cadenaser.com\/tag\/guardia_civil\/a\/\" target=\"_blank\" rel=\"noopener\">la Unidad de An\u00e1lisis e Investigaci\u00f3n Fiscal y de Fronteras de la Guardia Civil del Aeropuerto de Valencia detect\u00f3 diversos paquetes con destino a Francia que conten\u00edan hach\u00eds y marihuana ocultos entre ropa, juguetes y alimentos<\/a>. <\/p>   <p>Mediante el an\u00e1lisis de los paquetes se estableci\u00f3 su punto de salida en la provincia de Alicante y la benem\u00e9rita de Altea y Callosa d&#8217;en Sarri\u00e0 iniciaron las indagaciones para localizar a los supuestos autores de los env\u00edos, <a href=\"https:\/\/cadenaser.com\/tag\/comarca_la_marina_baixa\/a\/\" target=\"_blank\" rel=\"noopener\">ubicando dos domicilios y un local en Callosa, Bolulla y Altea<\/a>.<\/p>   <p>Los Juzgados de Instrucci\u00f3n de La Vila Joiosa y Benidorm han decretado la libertad con medidas cautelares de los implicados, as\u00ed como el cierre preventivo del local. La investigaci\u00f3n, precisa la Guardia Civil, todav\u00eda no se ha cerrado<b> <\/b>y se contin\u00faa con el estudio de las pruebas, por lo que no se descartan nuevas detenciones.<\/p>   <p>     .c-w{         max-width:444px;         width:100%;         margin:16px auto;      background:#00755E;         border-radius:4px;         display:flex;         align-items:center;         justify-content:center;     }     .c-w a{         display:flex;         align-items:center;         justify-content:center;         padding:4px 24px;     }     .c-w img{         width:24px;         margin-right:12px;     }     .c-w p{         font:18px\/25px Poppins;         text-align:center;         color:#fff;         margin:0;     }     @media (max-width:444px){         .c-w a{             padding:4px 12px;         }         .c-w img{             width:24px;             margin-right:8px;         }         .c-w p{             font:14px\/25px Poppins;         }     }     @media (max-width:335px){         .c-w p{             font:13px\/25px Poppins;         }     }  <div class=\"c-w\">     <a href=\"https:\/\/www.whatsapp.com\/channel\/0029Va633PF9WtC4l7XUzh1e\" target=\"_blank\" rel=\"noopener\">         <img decoding=\"async\" src=\"https:\/\/cadenaser.com\/estaticos\/recursosgraficos\/responsive\/img\/ico-whatsapp.svg\" alt=\"Whatsapp\">         <p>\u00danete al <b>canal de WhatsApp<\/b> de la SER<\/p>     <\/a> <\/div><\/p> ","protected":false},"excerpt":{"rendered":"<p>Los agentes han intervenido m\u00e1s de 12.000 gramos de marihuana, 730 gramos de hach\u00eds, 91 gramos de BHO, setas alucin\u00f3genas y m\u00e1s de 4.000 euros en efectivo <\/p>\n","protected":false},"author":0,"featured_media":5421,"comment_status":"open","ping_status":"open","sticky":false,"template":"","format":"standard","meta":{"_acf_changed":false,"footnotes":""},"categories":[1],"tags":[],"class_list":["post-5420","post","type-post","status-publish","format-standard","has-post-thumbnail","hentry","category-sin-categoria"],"acf":{"ser_id":"RNUK6GZXC5EDVI7LEC6KKYYOJM","ser_url":"https:\/\/cadenaser.com\/comunitat-valenciana\/2024\/05\/24\/desarticulada-en-altea-callosa-y-bolulla-una-asociacion-ilicita-de-cannabis-que-traficaba-con-francia-radio-benidorm\/"},"_links":{"self":[{"href":"https:\/\/serbenidorm.daliisolutions.com\/index.php\/wp-json\/wp\/v2\/posts\/5420","targetHints":{"allow":["GET"]}}],"collection":[{"href":"https:\/\/serbenidorm.daliisolutions.com\/index.php\/wp-json\/wp\/v2\/posts"}],"about":[{"href":"https:\/\/serbenidorm.daliisolutions.com\/index.php\/wp-json\/wp\/v2\/types\/post"}],"replies":[{"embeddable":true,"href":"https:\/\/serbenidorm.daliisolutions.com\/index.php\/wp-json\/wp\/v2\/comments?post=5420"}],"version-history":[{"count":0,"href":"https:\/\/serbenidorm.daliisolutions.com\/index.php\/wp-json\/wp\/v2\/posts\/5420\/revisions"}],"wp:featuredmedia":[{"embeddable":true,"href":"https:\/\/serbenidorm.daliisolutions.com\/index.php\/wp-json\/wp\/v2\/media\/5421"}],"wp:attachment":[{"href":"https:\/\/serbenidorm.daliisolutions.com\/index.php\/wp-json\/wp\/v2\/media?parent=5420"}],"wp:term":[{"taxonomy":"category","embeddable":true,"href":"https:\/\/serbenidorm.daliisolutions.com\/index.php\/wp-json\/wp\/v2\/categories?post=5420"},{"taxonomy":"post_tag","embeddable":true,"href":"https:\/\/serbenidorm.daliisolutions.com\/index.php\/wp-json\/wp\/v2\/tags?post=5420"}],"curies":[{"name":"wp","href":"https:\/\/api.w.org\/{rel}","templated":true}]}}