{"id":5427,"date":"2024-05-24T14:20:19","date_gmt":"2024-05-24T12:20:19","guid":{"rendered":"https:\/\/serbenidorm.daliisolutions.com\/index.php\/2024\/05\/24\/aparcamiento-en-benidorm-una-hora-de-parking-gratis-en-laiguera-por-consumir-en-los-negocios-locales-hasta-final-de-ano\/"},"modified":"2024-05-24T14:20:19","modified_gmt":"2024-05-24T12:20:19","slug":"aparcamiento-en-benidorm-una-hora-de-parking-gratis-en-laiguera-por-consumir-en-los-negocios-locales-hasta-final-de-ano","status":"publish","type":"post","link":"https:\/\/serbenidorm.daliisolutions.com\/index.php\/2024\/05\/24\/aparcamiento-en-benidorm-una-hora-de-parking-gratis-en-laiguera-por-consumir-en-los-negocios-locales-hasta-final-de-ano\/","title":{"rendered":"Aparcamiento en Benidorm: una hora de parking gratis en l&#8217;Aig\u00fcera por consumir en los negocios locales hasta final de a\u00f1o"},"content":{"rendered":"  <p>El Ayuntamiento de Benidorm ha decidido ampliar la campa\u00f1a #BenidormMasCerca hasta el pr\u00f3ximo 31 de diciembre debido al buen funcionamiento de la misma, seg\u00fan ha informado el concejal de Movilidad, Francis Mu\u00f1oz. <\/p>   <p>Esta campa\u00f1a se inici\u00f3 el pasado a\u00f1o y estaba prevista su finalizaci\u00f3n al concluir el mes de diciembre de 2023, si bien se prorrog\u00f3 hasta el 31 de mayo de este a\u00f1o. Ahora, el consistorio ha comunicado que la campa\u00f1a se ampliar\u00e1 hasta final de a\u00f1o.<\/p>  <p><p>M\u00e1s informaci\u00f3n<\/p><figure><img loading=\"lazy\" decoding=\"async\" src=\"https:\/\/cadenaser.com\/resizer\/v2\/KOT54NKZZVHCNMUYO7WMILHNOY.jpeg?auth=2d789539007d42d47dce1524c9914dd94fe5ff14418268c01c58acb0ed8bb592&amp;quality=70&amp;width=360&amp;height=202&amp;smart=true\" width=\"820\" height=\"621\" \/><\/figure><ul><li><a href=\"https:\/\/cadenaser.com\/comunitat-valenciana\/2024\/05\/23\/abierta-la-inscripcion-para-la-escuela-de-verano-de-benidorm-consulta-lugar-fechas-y-precios-radio-benidorm\/\"><span>Abierta la inscripci\u00f3n para la Escuela de Verano de Benidorm: consulta lugar, fechas y precios<\/span><\/a><\/li><\/ul><\/p>   <p>La campa\u00f1a #BenidormMasCerca es fruto de un acuerdo entre la Concejal\u00eda de Movilidad, la empresa concesionaria del parking de l\u2019Aig\u00fcera EYSA, y las asociaciones Abreca y AICO para lanzar esta iniciativa tendente a incentivar las compras, servicios y consumiciones que se realicen en Benidorm.<\/p>   <p>\u00bfC\u00f3mo funciona?<\/p>   <p>La campa\u00f1a permite a los consumidores obtener una hora de estacionamiento gratuito en el parking de l\u2019Aig\u00fcera al comprar en alguno de los establecimientos adheridos a la misma. Esta hora bonificada es efectiva solamente en el aparcamiento citado, aunque la intenci\u00f3n de la Concejal\u00eda es \u201cestudiar la posibilidad de ampliarla a m\u00e1s parkings p\u00fablicos y privados de Benidorm\u201d ha dicho el concejal de Movilidad.<\/p>   <p>El objetivo de la campa\u00f1a era incentivar las compras, servicios y consumiciones del centro y casco antiguo de la ciudad. Para ello, los establecimientos participantes regalan una hora gratuita por un ticket cuyo importe m\u00ednimo sea de 20 euros. Los tickets, no obstante, no son acumulables, por lo que solo se bonifica una hora por d\u00eda y veh\u00edculo.<\/p>   <p>     .c-w{         max-width:444px;         width:100%;         margin:16px auto;      background:#00755E;         border-radius:4px;         display:flex;         align-items:center;         justify-content:center;     }     .c-w a{         display:flex;         align-items:center;         justify-content:center;         padding:4px 24px;     }     .c-w img{         width:24px;         margin-right:12px;     }     .c-w p{         font:18px\/25px Poppins;         text-align:center;         color:#fff;         margin:0;     }     @media (max-width:444px){         .c-w a{             padding:4px 12px;         }         .c-w img{             width:24px;             margin-right:8px;         }         .c-w p{             font:14px\/25px Poppins;         }     }     @media (max-width:335px){         .c-w p{             font:13px\/25px Poppins;         }     }  <div class=\"c-w\">     <a href=\"https:\/\/www.whatsapp.com\/channel\/0029Va633PF9WtC4l7XUzh1e\" target=\"_blank\" rel=\"noopener\">         <img decoding=\"async\" src=\"https:\/\/cadenaser.com\/estaticos\/recursosgraficos\/responsive\/img\/ico-whatsapp.svg\" alt=\"Whatsapp\">         <p>\u00danete al <b>canal de WhatsApp<\/b> de la SER<\/p>     <\/a> <\/div><\/p>   <p>Precisamente los buenos resultados de la campa\u00f1a hasta la fecha han avalado la continuidad de la misma hasta el final de este a\u00f1o.<a href=\"https:\/\/cadenaser.com\/tag\/benidorm\/a\/\" target=\"_blank\" rel=\"noopener\"> As\u00ed, desde el 2 de febrero de 2023 hasta el 31 de diciembre del pasado a\u00f1o, se utilizaron un total de 1.884 vales de una hora de estacionamiento gratuito. Este a\u00f1o, desde el 1 de enero hasta el 30 de abril el n\u00famero de vales ascendi\u00f3 a 684<\/a>.<\/p>   <p>Francis Mu\u00f1oz tambi\u00e9n ha recordado que \u201clos negocios que participan en la campa\u00f1a no tienen que abonar ning\u00fan importe por participar en la misma\u201d. El edil ha incidido con respecto a la campa\u00f1a que \u201ces una iniciativa muy interesante que beneficia a vecinos y visitantes y a los negocios locales al tratarse de un incentivo muy potente para realizar sus compras en la ciudad\u201d.<\/p> ","protected":false},"excerpt":{"rendered":"<p>La concejal\u00eda de Movilidad ampl\u00eda la iniciativa por un ticket con un importe m\u00ednimo de 20 euros <\/p>\n","protected":false},"author":0,"featured_media":5428,"comment_status":"open","ping_status":"open","sticky":false,"template":"","format":"standard","meta":{"_acf_changed":false,"footnotes":""},"categories":[1],"tags":[],"class_list":["post-5427","post","type-post","status-publish","format-standard","has-post-thumbnail","hentry","category-sin-categoria"],"acf":{"ser_id":"2T5APTLTKRCAFM4ZHBHYZDRGHY","ser_url":"https:\/\/cadenaser.com\/comunitat-valenciana\/2024\/05\/24\/aparcamiento-en-benidorm-una-hora-de-parking-gratis-en-laiguera-por-consumir-en-los-negocios-locales-hasta-final-de-ano-radio-benidorm\/"},"_links":{"self":[{"href":"https:\/\/serbenidorm.daliisolutions.com\/index.php\/wp-json\/wp\/v2\/posts\/5427","targetHints":{"allow":["GET"]}}],"collection":[{"href":"https:\/\/serbenidorm.daliisolutions.com\/index.php\/wp-json\/wp\/v2\/posts"}],"about":[{"href":"https:\/\/serbenidorm.daliisolutions.com\/index.php\/wp-json\/wp\/v2\/types\/post"}],"replies":[{"embeddable":true,"href":"https:\/\/serbenidorm.daliisolutions.com\/index.php\/wp-json\/wp\/v2\/comments?post=5427"}],"version-history":[{"count":0,"href":"https:\/\/serbenidorm.daliisolutions.com\/index.php\/wp-json\/wp\/v2\/posts\/5427\/revisions"}],"wp:featuredmedia":[{"embeddable":true,"href":"https:\/\/serbenidorm.daliisolutions.com\/index.php\/wp-json\/wp\/v2\/media\/5428"}],"wp:attachment":[{"href":"https:\/\/serbenidorm.daliisolutions.com\/index.php\/wp-json\/wp\/v2\/media?parent=5427"}],"wp:term":[{"taxonomy":"category","embeddable":true,"href":"https:\/\/serbenidorm.daliisolutions.com\/index.php\/wp-json\/wp\/v2\/categories?post=5427"},{"taxonomy":"post_tag","embeddable":true,"href":"https:\/\/serbenidorm.daliisolutions.com\/index.php\/wp-json\/wp\/v2\/tags?post=5427"}],"curies":[{"name":"wp","href":"https:\/\/api.w.org\/{rel}","templated":true}]}}