{"id":5444,"date":"2024-05-25T11:01:04","date_gmt":"2024-05-25T09:01:04","guid":{"rendered":"https:\/\/serbenidorm.daliisolutions.com\/index.php\/2024\/05\/25\/detenidos-dos-hombres-en-benidorm-tras-cometer-un-robo-utilizando-la-tecnica-del-mataleon\/"},"modified":"2024-05-25T11:01:04","modified_gmt":"2024-05-25T09:01:04","slug":"detenidos-dos-hombres-en-benidorm-tras-cometer-un-robo-utilizando-la-tecnica-del-mataleon","status":"publish","type":"post","link":"https:\/\/serbenidorm.daliisolutions.com\/index.php\/2024\/05\/25\/detenidos-dos-hombres-en-benidorm-tras-cometer-un-robo-utilizando-la-tecnica-del-mataleon\/","title":{"rendered":"Detenidos dos hombres en Benidorm tras cometer un robo utilizando la t\u00e9cnica del \u00abmatale\u00f3n\u00bb"},"content":{"rendered":"  <p>Agentes de la Polic\u00eda Nacional han detenido en la ciudad alicantina de Benidorm, a dos varones que fueron sorprendidos cuando comet\u00edan un robo con violencia a plena luz del d\u00eda, en una avenida c\u00e9ntrica y bastante transitada de la localidad.<\/p>   <p>La intervenci\u00f3n policial tuvo su inicio cuando los agentes que estaban realizando una patrulla preventiva a pie, en servicio vestido de paisano, vieron como a unos metros, dos varones golpeaban y zarandeaban a un hombre extranjero de edad avanzada. La agresi\u00f3n no quedo ah\u00ed, ya que a continuaci\u00f3n agarraron al hombre por el cuello, y haciendo uso de la t\u00e9cnica de \u201cmatale\u00f3n\u201d, intentaron dejarlo inconsciente, con la intenci\u00f3n de robarle.<\/p>   <p>Los agentes de forma inmediata y al grito de \u201calto polic\u00eda\u201d, consiguieron que los dos agresores soltaran a la v\u00edctima, la cual cay\u00f3 al suelo aturdida, golpe\u00e1ndose la cabeza contra una pared que ten\u00eda al lado. Por este motivo se hizo una herida en la cabeza que necesito asistencia sanitaria.<\/p>   <p>Los funcionarios de la Polic\u00eda Nacional, tras asistir a la v\u00edctima y comprobar que estaba consciente, solicitaron apoyo a la Sala 091 \u2013 CIMAC. Cuando consiguieron que la v\u00edctima no se quedara sola, iniciaron una persecuci\u00f3n a la carrera detr\u00e1s de los autores, a los cuales interceptaron a pocos metros de donde ocurrieron los hechos.<\/p>   <p>La detenci\u00f3n se realiz\u00f3 en aquel momento. Durante las primeras diligencias practicadas para asegurar la situaci\u00f3n, los agentes de la Polic\u00eda Nacional consiguieron recuperar los objetos que estos dos delincuentes le hab\u00edan sustra\u00eddo a la v\u00edctima. Se trataba de una cartera en cuyo interior ten\u00eda su documentaci\u00f3n personal junto con tarjetas bancarias.<\/p>   <p>     .c-w{         max-width:444px;         width:100%;         margin:16px auto;      background:#00755E;         border-radius:4px;         display:flex;         align-items:center;         justify-content:center;     }     .c-w a{         display:flex;         align-items:center;         justify-content:center;         padding:4px 24px;     }     .c-w img{         width:24px;         margin-right:12px;     }     .c-w p{         font:18px\/25px Poppins;         text-align:center;         color:#fff;         margin:0;     }     @media (max-width:444px){         .c-w a{             padding:4px 12px;         }         .c-w img{             width:24px;             margin-right:8px;         }         .c-w p{             font:14px\/25px Poppins;         }     }     @media (max-width:335px){         .c-w p{             font:13px\/25px Poppins;         }     }  <div class=\"c-w\">     <a href=\"https:\/\/www.whatsapp.com\/channel\/0029Va633PF9WtC4l7XUzh1e\" target=\"_blank\" rel=\"noopener\">         <img decoding=\"async\" src=\"https:\/\/cadenaser.com\/estaticos\/recursosgraficos\/responsive\/img\/ico-whatsapp.svg\" alt=\"Whatsapp\">         <p>\u00danete al <b>canal de WhatsApp<\/b> de la SER<\/p>     <\/a> <\/div><\/p>   <p>Por el estado f\u00edsico que presentaba la v\u00edctima, la cual ten\u00eda un corte en la cabeza, mostraba ansiedad y estaba algo desorientada, la Polic\u00eda Nacional solicit\u00f3 los medios necesarios para que fuera trasladada a un centro de salud para que fuera asistida<\/p>   <p>T\u00e9cnica del \u201cmatale\u00f3n\u201d<\/p>   <p>La maniobra del \u201cmatale\u00f3n\u201d es una peligrosa t\u00e9cnica utilizada en robos callejeros. El agresor ataca a su v\u00edctima por sorpresa y por la espalda, a la cual estrangula con sus brazos, provocando que \u00e9sta pierda la consciencia en cuesti\u00f3n de segundos por falta de irrigaci\u00f3n sangu\u00ednea. Se trata de una t\u00e9cnica peligrosa originaria de las artes marciales, que deja a las v\u00edctimas inconscientes, cayendo al suelo sin ning\u00fan reflejo defensivo. Si la estrangulaci\u00f3n se prolonga en el tiempo puede causar la muerte.<\/p>   <p>Los detenidos, dos varones espa\u00f1oles de 47 y 48 a\u00f1os de edad, ten\u00edan antecedentes por hechos de la misma \u00edndole. Fueron puestos a disposici\u00f3n del Juzgado de Instrucci\u00f3n en funciones de guardia de Benidorm.<\/p> ","protected":false},"excerpt":{"rendered":"<p>Los detenidos ten\u00edan antecedentes por hechos de la misma \u00edndole. Fueron puestos a disposici\u00f3n del Juzgado de Instrucci\u00f3n en funciones de guardia de Benidorm<\/p>\n","protected":false},"author":0,"featured_media":5445,"comment_status":"open","ping_status":"open","sticky":false,"template":"","format":"standard","meta":{"_acf_changed":false,"footnotes":""},"categories":[1],"tags":[],"class_list":["post-5444","post","type-post","status-publish","format-standard","has-post-thumbnail","hentry","category-sin-categoria"],"acf":{"ser_id":"IKHM7GJQPVG3TPXL3FNZC4DU6U","ser_url":"https:\/\/cadenaser.com\/comunitat-valenciana\/2024\/05\/25\/detenidos-dos-hombres-en-benidorm-tras-cometer-un-robo-utilizando-la-tecnica-del-mataleon-radio-alicante\/"},"_links":{"self":[{"href":"https:\/\/serbenidorm.daliisolutions.com\/index.php\/wp-json\/wp\/v2\/posts\/5444","targetHints":{"allow":["GET"]}}],"collection":[{"href":"https:\/\/serbenidorm.daliisolutions.com\/index.php\/wp-json\/wp\/v2\/posts"}],"about":[{"href":"https:\/\/serbenidorm.daliisolutions.com\/index.php\/wp-json\/wp\/v2\/types\/post"}],"replies":[{"embeddable":true,"href":"https:\/\/serbenidorm.daliisolutions.com\/index.php\/wp-json\/wp\/v2\/comments?post=5444"}],"version-history":[{"count":0,"href":"https:\/\/serbenidorm.daliisolutions.com\/index.php\/wp-json\/wp\/v2\/posts\/5444\/revisions"}],"wp:featuredmedia":[{"embeddable":true,"href":"https:\/\/serbenidorm.daliisolutions.com\/index.php\/wp-json\/wp\/v2\/media\/5445"}],"wp:attachment":[{"href":"https:\/\/serbenidorm.daliisolutions.com\/index.php\/wp-json\/wp\/v2\/media?parent=5444"}],"wp:term":[{"taxonomy":"category","embeddable":true,"href":"https:\/\/serbenidorm.daliisolutions.com\/index.php\/wp-json\/wp\/v2\/categories?post=5444"},{"taxonomy":"post_tag","embeddable":true,"href":"https:\/\/serbenidorm.daliisolutions.com\/index.php\/wp-json\/wp\/v2\/tags?post=5444"}],"curies":[{"name":"wp","href":"https:\/\/api.w.org\/{rel}","templated":true}]}}