{"id":5484,"date":"2024-05-27T11:06:13","date_gmt":"2024-05-27T09:06:13","guid":{"rendered":"https:\/\/serbenidorm.daliisolutions.com\/index.php\/2024\/05\/27\/el-tm-benidorm-cierra-su-decada-en-la-liga-asobal-con-la-decima-plaza\/"},"modified":"2024-05-27T11:06:13","modified_gmt":"2024-05-27T09:06:13","slug":"el-tm-benidorm-cierra-su-decada-en-la-liga-asobal-con-la-decima-plaza","status":"publish","type":"post","link":"https:\/\/serbenidorm.daliisolutions.com\/index.php\/2024\/05\/27\/el-tm-benidorm-cierra-su-decada-en-la-liga-asobal-con-la-decima-plaza\/","title":{"rendered":"El TM Benidorm cierra su d\u00e9cada en la Liga Asobal con la d\u00e9cima plaza"},"content":{"rendered":"  <p>El <a href=\"https:\/\/cadenaser.com\/tag\/club_balonmano_benidorm\/a\/\" target=\"_blank\" rel=\"noopener\">TM Benidorm<\/a> se estrell\u00f3 el pasado s\u00e1bado contra el muro del que un d\u00eda fue h\u00e9roe para los benidormenses, Roberto Rodr\u00edguez, y que enrolado ahora en las filas del Granollers se convirti\u00f3 en uno de los principales responsables de la derrota con la que los del Palau d\u2019Esports cerraron su participaci\u00f3n en la <a href=\"https:\/\/cadenaser.com\/tag\/liga_asobal\/a\/\" target=\"_blank\" rel=\"noopener\">Liga Asobal<\/a> 2023-2024 por 35-27.<\/p>  <p><p>M\u00e1s informaci\u00f3n<\/p><figure><img loading=\"lazy\" decoding=\"async\" src=\"https:\/\/cadenaser.com\/resizer\/v2\/BM74FJWKTFDCXBH77RJBF6LRMM.JPG?auth=52c6a27e1e5a6cfeccbb58480a761b2fa115eb35e646e7019360103ab240a0f5&amp;quality=70&amp;width=360&amp;height=202&amp;smart=true\" width=\"820\" height=\"621\" \/><\/figure><ul><li><a href=\"https:\/\/cadenaser.com\/comunitat-valenciana\/2023\/09\/05\/todos-los-partidos-los-horarios-y-los-resultados-del-tm-benidorm-2023-2024-radio-benidorm\/\"><span>Todos los partidos, los horarios y los resultados del TM Benidorm 2023-2024<\/span><\/a><\/li><\/ul><\/p>   <p>Los de Sergio Carballeira, al menos, no perdieron la d\u00e9cima plaza de la clasificaci\u00f3n que defend\u00edan gracias a la derrota de Torrelavega por 34-30 ante el Huesca, lo que permiti\u00f3 al <a href=\"https:\/\/cadenaser.com\/tag\/club_balonmano_benidorm\/a\/\" target=\"_blank\" rel=\"noopener\">TM Benidorm<\/a> cerrar su d\u00e9cimo a\u00f1o consecutivo en la m\u00e1xima categor\u00eda del balonmano nacional en el top10 de la clasificaci\u00f3n.<\/p>   <p>Llega ahora el momento de analizar lo conseguido en la presente campa\u00f1a y comenzar la planificaci\u00f3n deportiva de la pr\u00f3xima temporada, para la que <a href=\"https:\/\/cadenaser.com\/comunitat-valenciana\/2024\/04\/03\/esta-sera-la-plantilla-del-tm-benidorm-para-la-temporada-2024-2025-radio-benidorm\/\" target=\"_blank\" rel=\"noopener\">la plantilla ya est\u00e1 pr\u00e1cticamente cerrada<\/a> a falta de la llegada de un \u00faltimo efectivo (salvo que se pueda producir alguna sorpresa de \u00faltima hora en el mercado de fichajes).<\/p>   <p><p><strong>Sigue el canal de Carrusel en WhatsApp<\/strong><br \/>\u00a1Bienvenido al canal de Whatsapp de Carrusel! Toda la emoci\u00f3n del deporte, EN DIRECTO. Dirige Dani Garrido<\/p><a href=\"https:\/\/whatsapp.com\/channel\/0029Va8gTnP3rZZcN6Uzfi1x\" title=\"Suscr\u00edbete\">Suscr\u00edbete ahora<\/a><\/p> ","protected":false},"excerpt":{"rendered":"<p>Los de Sergio Carballeira cayeron derrotados en la cancha del Granollers<\/p>\n","protected":false},"author":0,"featured_media":5485,"comment_status":"open","ping_status":"open","sticky":false,"template":"","format":"standard","meta":{"_acf_changed":false,"footnotes":""},"categories":[16],"tags":[],"class_list":["post-5484","post","type-post","status-publish","format-standard","has-post-thumbnail","hentry","category-deportes"],"acf":{"ser_id":"CAZS3Q3EHJH57EVHHEYQ3YJHF4","ser_url":"https:\/\/cadenaser.com\/comunitat-valenciana\/2024\/05\/27\/el-tm-benidorm-cierra-su-decada-en-la-liga-asobal-con-la-decima-plaza-radio-benidorm\/"},"_links":{"self":[{"href":"https:\/\/serbenidorm.daliisolutions.com\/index.php\/wp-json\/wp\/v2\/posts\/5484","targetHints":{"allow":["GET"]}}],"collection":[{"href":"https:\/\/serbenidorm.daliisolutions.com\/index.php\/wp-json\/wp\/v2\/posts"}],"about":[{"href":"https:\/\/serbenidorm.daliisolutions.com\/index.php\/wp-json\/wp\/v2\/types\/post"}],"replies":[{"embeddable":true,"href":"https:\/\/serbenidorm.daliisolutions.com\/index.php\/wp-json\/wp\/v2\/comments?post=5484"}],"version-history":[{"count":0,"href":"https:\/\/serbenidorm.daliisolutions.com\/index.php\/wp-json\/wp\/v2\/posts\/5484\/revisions"}],"wp:featuredmedia":[{"embeddable":true,"href":"https:\/\/serbenidorm.daliisolutions.com\/index.php\/wp-json\/wp\/v2\/media\/5485"}],"wp:attachment":[{"href":"https:\/\/serbenidorm.daliisolutions.com\/index.php\/wp-json\/wp\/v2\/media?parent=5484"}],"wp:term":[{"taxonomy":"category","embeddable":true,"href":"https:\/\/serbenidorm.daliisolutions.com\/index.php\/wp-json\/wp\/v2\/categories?post=5484"},{"taxonomy":"post_tag","embeddable":true,"href":"https:\/\/serbenidorm.daliisolutions.com\/index.php\/wp-json\/wp\/v2\/tags?post=5484"}],"curies":[{"name":"wp","href":"https:\/\/api.w.org\/{rel}","templated":true}]}}