{"id":5486,"date":"2024-05-27T11:37:28","date_gmt":"2024-05-27T09:37:28","guid":{"rendered":"https:\/\/serbenidorm.daliisolutions.com\/index.php\/2024\/05\/27\/el-cb-terralfas-cierra-un-ano-de-ensueno-con-el-ascenso-a-la-liga-2-femenina\/"},"modified":"2024-05-27T11:37:28","modified_gmt":"2024-05-27T09:37:28","slug":"el-cb-terralfas-cierra-un-ano-de-ensueno-con-el-ascenso-a-la-liga-2-femenina","status":"publish","type":"post","link":"https:\/\/serbenidorm.daliisolutions.com\/index.php\/2024\/05\/27\/el-cb-terralfas-cierra-un-ano-de-ensueno-con-el-ascenso-a-la-liga-2-femenina\/","title":{"rendered":"El CB Terralf\u00e0s cierra un a\u00f1o de ensue\u00f1o con el ascenso a la Liga 2 femenina"},"content":{"rendered":"  <p>Un triple sobre la bocina convertido por Julia Mascar\u00f3 forz\u00f3 la pr\u00f3rroga del tercer y \u00faltimo partido de la fase de ascenso a la Liga 2 femenina de baloncesto disputado entre el CB Terralf\u00e0s y el Origen Uva de Valladolid en el que las alfasinas acabar\u00edan imponi\u00e9ndose por 82-72 haci\u00e9ndose as\u00ed con una plaza en la categor\u00eda de bronce del b\u00e1sket nacional.<\/p>   <p>Y todo, despu\u00e9s de que a s\u00f3lo 14 segundos para el final del \u00faltimo cuarto el equipo alfasino marchara cuatro puntos por detr\u00e1s en el marcador (64-68). Un tiro libre fallado por las pucelanas dejaba con un h\u00e1lito de vida al CB Terralf\u00e0s, que protagoniz\u00f3 una r\u00e1pida contra y tir\u00f3 de pizarra. Las alfasinas se vieron beneficiadas por una acci\u00f3n muy inocentes de sus rivales, que en lugar de forzar una falta r\u00e1pida, esperaron hasta el \u00faltimo momento. Canasta y tiro adicional para las alfasinas, que se colocaban uno abajo (67-68) con s\u00f3lo cinco segundos por jugar.<\/p>   <p>Con el bal\u00f3n en posesi\u00f3n de las vallisoletanas, las alfasinas no pecaron de inocencia y cometieron una r\u00e1pida falta que le daba dos tiros al Origen Uva. Dos aciertos que pon\u00edan, con s\u00f3lo 4.6 segundos de juego por delante, un 67-70 en el marcador que parec\u00eda que colocaba a las pucelanas en Liga 2.<\/p>   <p>Y, de nuevo, falt\u00f3 \u2018maldad\u2019 en las filas del Origen Uva. Dejaron jugar y en una jugada rapid\u00edsima, el bal\u00f3n cay\u00f3 en las manos de Julia Mascar\u00f3, que lanz\u00f3 con 1.1 segundos en el cron\u00f3metro. La bocina son\u00f3 mientras el esf\u00e9rico todav\u00eda volaba hacia un aro en el que entr\u00f3 limpio poniendo el empate en el luminoso.<\/p>   <p>El mazazo moral fue excesivo para un Origen Uva que apenas pudo oponer resistencia ante el empuje alfasino, que permiti\u00f3 al CB Terralf\u00e0s llevarse el choque (y el ascenso) por ese resultado final de 82-72.<\/p>   <p>     .c-w{         max-width:444px;         width:100%;         margin:16px auto;      background:#00755E;         border-radius:4px;         display:flex;         align-items:center;         justify-content:center;     }     .c-w a{         display:flex;         align-items:center;         justify-content:center;         padding:4px 24px;     }     .c-w img{         width:24px;         margin-right:12px;     }     .c-w p{         font:18px\/25px Poppins;         text-align:center;         color:#fff;         margin:0;     }     @media (max-width:444px){         .c-w a{             padding:4px 12px;         }         .c-w img{             width:24px;             margin-right:8px;         }         .c-w p{             font:14px\/25px Poppins;         }     }     @media (max-width:335px){         .c-w p{             font:13px\/25px Poppins;         }     }  <div class=\"c-w\">     <a href=\"https:\/\/www.whatsapp.com\/channel\/0029Va633PF9WtC4l7XUzh1e\" target=\"_blank\" rel=\"noopener\">         <img decoding=\"async\" src=\"https:\/\/cadenaser.com\/estaticos\/recursosgraficos\/responsive\/img\/ico-whatsapp.svg\" alt=\"Whatsapp\">         <p>\u00danete al <b>canal de WhatsApp<\/b> de la SER<\/p>     <\/a> <\/div><\/p>   <p><p><strong>Sigue el canal de Carrusel en WhatsApp<\/strong><br \/>\u00a1Bienvenido al canal de Whatsapp de Carrusel! Toda la emoci\u00f3n del deporte, EN DIRECTO. Dirige Dani Garrido<\/p><a href=\"https:\/\/whatsapp.com\/channel\/0029Va8gTnP3rZZcN6Uzfi1x\" title=\"Suscr\u00edbete\">Suscr\u00edbete ahora<\/a><\/p> ","protected":false},"excerpt":{"rendered":"<p>Las del Pau Gasol se impusieron al Origen Uva de Valladolid en una \u2018final\u2019 de infarto<\/p>\n","protected":false},"author":0,"featured_media":5487,"comment_status":"open","ping_status":"open","sticky":false,"template":"","format":"standard","meta":{"_acf_changed":false,"footnotes":""},"categories":[16],"tags":[],"class_list":["post-5486","post","type-post","status-publish","format-standard","has-post-thumbnail","hentry","category-deportes"],"acf":{"ser_id":"7Y4V5DTTNBGLDKK3SSJMAICYTY","ser_url":"https:\/\/cadenaser.com\/comunitat-valenciana\/2024\/05\/27\/el-cb-terralfas-cierra-un-ano-de-ensueno-con-el-ascenso-a-la-liga-2-femenina-radio-benidorm\/"},"_links":{"self":[{"href":"https:\/\/serbenidorm.daliisolutions.com\/index.php\/wp-json\/wp\/v2\/posts\/5486","targetHints":{"allow":["GET"]}}],"collection":[{"href":"https:\/\/serbenidorm.daliisolutions.com\/index.php\/wp-json\/wp\/v2\/posts"}],"about":[{"href":"https:\/\/serbenidorm.daliisolutions.com\/index.php\/wp-json\/wp\/v2\/types\/post"}],"replies":[{"embeddable":true,"href":"https:\/\/serbenidorm.daliisolutions.com\/index.php\/wp-json\/wp\/v2\/comments?post=5486"}],"version-history":[{"count":0,"href":"https:\/\/serbenidorm.daliisolutions.com\/index.php\/wp-json\/wp\/v2\/posts\/5486\/revisions"}],"wp:featuredmedia":[{"embeddable":true,"href":"https:\/\/serbenidorm.daliisolutions.com\/index.php\/wp-json\/wp\/v2\/media\/5487"}],"wp:attachment":[{"href":"https:\/\/serbenidorm.daliisolutions.com\/index.php\/wp-json\/wp\/v2\/media?parent=5486"}],"wp:term":[{"taxonomy":"category","embeddable":true,"href":"https:\/\/serbenidorm.daliisolutions.com\/index.php\/wp-json\/wp\/v2\/categories?post=5486"},{"taxonomy":"post_tag","embeddable":true,"href":"https:\/\/serbenidorm.daliisolutions.com\/index.php\/wp-json\/wp\/v2\/tags?post=5486"}],"curies":[{"name":"wp","href":"https:\/\/api.w.org\/{rel}","templated":true}]}}