{"id":5488,"date":"2024-05-27T11:48:04","date_gmt":"2024-05-27T09:48:04","guid":{"rendered":"https:\/\/serbenidorm.daliisolutions.com\/index.php\/2024\/05\/27\/felipe-orts-no-se-baja-del-podio-y-acaba-segundo-en-barcelona\/"},"modified":"2024-05-27T11:48:04","modified_gmt":"2024-05-27T09:48:04","slug":"felipe-orts-no-se-baja-del-podio-y-acaba-segundo-en-barcelona","status":"publish","type":"post","link":"https:\/\/serbenidorm.daliisolutions.com\/index.php\/2024\/05\/27\/felipe-orts-no-se-baja-del-podio-y-acaba-segundo-en-barcelona\/","title":{"rendered":"Felipe Orts no se baja del podio y acaba segundo en Barcelona"},"content":{"rendered":"  <p><a href=\"https:\/\/cadenaser.com\/tag\/felipe_orts_lloret\/a\/\" target=\"_blank\" rel=\"noopener\">Felipe Orts<\/a> contin\u00faa adelante con su proceso de adaptaci\u00f3n a la especialidad de bicicleta de monta\u00f1a y s\u00f3lo una semana despu\u00e9s de haberse alzado con su primer triunfo del a\u00f1o en La Rioja Bike Race, el corredor vilero ha sumado un nuevo podio con la segunda plaza obtenida en Barcelona.<\/p>   <p>El Vel\u00f3dromo de Horta albergaba la salida de la Copa Catalunya Internacional de Barcelona. El alicantino, en un gran estado de forma, buscaba imponer su ley desde los primeros compases de la prueba. La mala fortuna volv\u00eda a cebarse con Orts antes de completar el primer viraje con un pinchazo que le hac\u00eda perder muchas posiciones.<\/p>  <p><p>M\u00e1s informaci\u00f3n<\/p><figure><img loading=\"lazy\" decoding=\"async\" src=\"https:\/\/cadenaser.com\/resizer\/v2\/EOAS7XZIWRBP3KHVWZJ4L3OYCM.JPG?auth=0425099f9ce14ff6359e82327b31f44510738f9f11f6b5bf623d3719f1413513&amp;quality=70&amp;width=360&amp;height=202&amp;smart=true\" width=\"820\" height=\"621\" \/><\/figure><ul><li><a href=\"https:\/\/cadenaser.com\/tag\/felipe_orts_lloret\/a\/\"><span>Todas las noticias de Felipe Orts<\/span><\/a><\/li><\/ul><\/p>   <p>Lejos de rendirse, el ciclista de La Vila volvi\u00f3 a encontrar sensaciones para ir adelantando corredores progresivamente en un circuito muy t\u00e9cnico hasta llegar a la segunda posici\u00f3n. Con la medalla de plata afianzada, Orts trat\u00f3 de recortar una diferencia insalvable con Cristofer Bosque, que acababa adjudic\u00e1ndose el triunfo.<\/p>   <p>Felipe Orts hace balance tras conseguir la segunda posici\u00f3n en Barcelona: \u201cVen\u00eda buscando la victoria y no me voy satisfecho al cien por cien. Teniendo en cuenta como se est\u00e1 dando la temporada de mountain bike podemos decir que es un buen resultado con todos los contratiempos que he tenido. Conseguimos puntos UCI y un nuevo p\u00f3dium en una competici\u00f3n internacional, seguiremos peleando para que las cosas salgan de cara\u201d.<\/p>   <p>El corredor de La Vila recargar\u00e1 pilas con una semana sin competici\u00f3n antes de afrontar su pr\u00f3ximo objetivo, el Gran Premio Zaragoza, prueba puntuable para la Copa de Espa\u00f1a de XCO.<\/p>   <p>     .c-w{         max-width:444px;         width:100%;         margin:16px auto;      background:#00755E;         border-radius:4px;         display:flex;         align-items:center;         justify-content:center;     }     .c-w a{         display:flex;         align-items:center;         justify-content:center;         padding:4px 24px;     }     .c-w img{         width:24px;         margin-right:12px;     }     .c-w p{         font:18px\/25px Poppins;         text-align:center;         color:#fff;         margin:0;     }     @media (max-width:444px){         .c-w a{             padding:4px 12px;         }         .c-w img{             width:24px;             margin-right:8px;         }         .c-w p{             font:14px\/25px Poppins;         }     }     @media (max-width:335px){         .c-w p{             font:13px\/25px Poppins;         }     }  <div class=\"c-w\">     <a href=\"https:\/\/www.whatsapp.com\/channel\/0029Va633PF9WtC4l7XUzh1e\" target=\"_blank\" rel=\"noopener\">         <img decoding=\"async\" src=\"https:\/\/cadenaser.com\/estaticos\/recursosgraficos\/responsive\/img\/ico-whatsapp.svg\" alt=\"Whatsapp\">         <p>\u00danete al <b>canal de WhatsApp<\/b> de la SER<\/p>     <\/a> <\/div><\/p>   <p><p><strong>Sigue el canal de Carrusel en WhatsApp<\/strong><br \/>\u00a1Bienvenido al canal de Whatsapp de Carrusel! Toda la emoci\u00f3n del deporte, EN DIRECTO. Dirige Dani Garrido<\/p><a href=\"https:\/\/whatsapp.com\/channel\/0029Va8gTnP3rZZcN6Uzfi1x\" title=\"Suscr\u00edbete\">Suscr\u00edbete ahora<\/a><\/p> ","protected":false},"excerpt":{"rendered":"<p>La pr\u00f3xima cita para el ciclista de La Vila Joiosa espera con la Copa de Espa\u00f1a de Zaragoza<\/p>\n","protected":false},"author":0,"featured_media":5489,"comment_status":"open","ping_status":"open","sticky":false,"template":"","format":"standard","meta":{"_acf_changed":false,"footnotes":""},"categories":[16],"tags":[],"class_list":["post-5488","post","type-post","status-publish","format-standard","has-post-thumbnail","hentry","category-deportes"],"acf":{"ser_id":"24GAP66V5BCZDM33NFT2IG4VKQ","ser_url":"https:\/\/cadenaser.com\/comunitat-valenciana\/2024\/05\/27\/felipe-orts-no-se-baja-del-podio-y-acaba-segundo-en-barcelona-radio-benidorm\/"},"_links":{"self":[{"href":"https:\/\/serbenidorm.daliisolutions.com\/index.php\/wp-json\/wp\/v2\/posts\/5488","targetHints":{"allow":["GET"]}}],"collection":[{"href":"https:\/\/serbenidorm.daliisolutions.com\/index.php\/wp-json\/wp\/v2\/posts"}],"about":[{"href":"https:\/\/serbenidorm.daliisolutions.com\/index.php\/wp-json\/wp\/v2\/types\/post"}],"replies":[{"embeddable":true,"href":"https:\/\/serbenidorm.daliisolutions.com\/index.php\/wp-json\/wp\/v2\/comments?post=5488"}],"version-history":[{"count":0,"href":"https:\/\/serbenidorm.daliisolutions.com\/index.php\/wp-json\/wp\/v2\/posts\/5488\/revisions"}],"wp:featuredmedia":[{"embeddable":true,"href":"https:\/\/serbenidorm.daliisolutions.com\/index.php\/wp-json\/wp\/v2\/media\/5489"}],"wp:attachment":[{"href":"https:\/\/serbenidorm.daliisolutions.com\/index.php\/wp-json\/wp\/v2\/media?parent=5488"}],"wp:term":[{"taxonomy":"category","embeddable":true,"href":"https:\/\/serbenidorm.daliisolutions.com\/index.php\/wp-json\/wp\/v2\/categories?post=5488"},{"taxonomy":"post_tag","embeddable":true,"href":"https:\/\/serbenidorm.daliisolutions.com\/index.php\/wp-json\/wp\/v2\/tags?post=5488"}],"curies":[{"name":"wp","href":"https:\/\/api.w.org\/{rel}","templated":true}]}}