{"id":549,"date":"2023-12-13T10:17:24","date_gmt":"2023-12-13T09:17:24","guid":{"rendered":"https:\/\/serbenidorm.daliisolutions.com\/index.php\/2023\/12\/13\/133-anos-de-condena-por-pornografia-infantil-y-abusos-a-menores-en-benidorm\/"},"modified":"2023-12-13T10:17:24","modified_gmt":"2023-12-13T09:17:24","slug":"133-anos-de-condena-por-pornografia-infantil-y-abusos-a-menores-en-benidorm","status":"publish","type":"post","link":"https:\/\/serbenidorm.daliisolutions.com\/index.php\/2023\/12\/13\/133-anos-de-condena-por-pornografia-infantil-y-abusos-a-menores-en-benidorm\/","title":{"rendered":"133 a\u00f1os de condena por pornograf\u00eda infantil y abusos a menores en Benidorm"},"content":{"rendered":"  <p>Benidorm<\/p>   <p>Un ciudadano brit\u00e1nico <a href=\"https:\/\/cadenaser.com\/tag\/benidorm\/a\/\" target=\"_blank\" rel=\"noopener\">residente en Benidorm<\/a>, de 27 a\u00f1os, ha sido condenado por la Audiencia de Alicante a penas que suman 133 a\u00f1os de c\u00e1rcel como autor de varios delitos de distribuci\u00f3n y producci\u00f3n de pornograf\u00eda infantil, de ciberacoso, de corrupci\u00f3n de menores e, incluso, de abusos sexuales cometidos sobre menores que aparec\u00edan en algunos de esos v\u00eddeos.<\/p>   <p>No obstante, la resoluci\u00f3n judicial establece que el m\u00e1ximo de cumplimiento efectivo de la condena no superar\u00e1 el triple del tiempo que se imponga por la pena m\u00e1s grave, por lo que el m\u00e1ximo de privaci\u00f3n de libertad en este caso queda fijado en 20 a\u00f1os.<\/p>   <p>La comisi\u00f3n de esos delitos se habr\u00eda producido entre 2019 y 2020, cuando el acusado comparti\u00f3 en un foro de pornograf\u00eda infantil diferentes im\u00e1genes de menores desnudos o realizando pr\u00e1cticas sexuales.<\/p>  <p><p class=\"tit\"><span>Hora 14 Benidorm (12\/12\/2023)<\/span><\/p> <p class=\"emb\"><\/p><\/p>   <p>De acuerdo con el escrito de acusaci\u00f3n inicial de la Fiscal\u00eda, el procesado se puso en contacto con 27 menores a los que propuso que se exhibieran desnudos o masturb\u00e1ndose y logr\u00f3 que 13 de ellos accediesen a sus pretensiones. As\u00ed, la Fiscal\u00eda solicitaba de partida que se le impusiese una condena por un total de 211 a\u00f1os y medio de prisi\u00f3n.<\/p>   <p>El condenado neg\u00f3 grabar los v\u00eddeos y distribuirlos<\/p>   <p>Por su parte, el procesado neg\u00f3 durante su declaraci\u00f3n en el juicio, celebrado el pasado 7 de noviembre, que \u00e9l hubiese grabado los v\u00eddeos almacenados en dos discos duros y en un tel\u00e9fono m\u00f3vil incautados durante el registro de su domicilio, en el municipio de Benidorm.<\/p>   <p>En esta l\u00ednea solo asumi\u00f3 parcialmente los hechos al reconocer que \u00e9l dispon\u00eda de v\u00eddeos e im\u00e1genes de contenido ped\u00f3filo tras hab\u00e9rselos descargados de la red oscura \u201cpara consumo propio\u201d.<\/p>   <p>En otros casos, seg\u00fan manifest\u00f3, ese material se lo remit\u00edan terceros a trav\u00e9s de correo electr\u00f3nico o de la aplicaci\u00f3n para tel\u00e9fonos inteligentes \u2018Telegram\u2019.<\/p>   <p>Tambi\u00e9n neg\u00f3 que \u00e9l hubiese distribuido ese material ped\u00f3filo a trav\u00e9s de internet y que tampoco se hab\u00eda dedicado a captar a los j\u00f3venes que aparec\u00edan en las im\u00e1genes para convencerlos o extorsionarlos a realizar esos v\u00eddeos en los que aparec\u00edan desnudos o realizando pr\u00e1cticas sexuales.<\/p>   <p><p>M\u00e1s informaci\u00f3n<\/p><figure><img decoding=\"async\" src=\"https:\/\/cadenaser.com\/resizer\/EBzoo2JPWcR6PsxBhW-J4hf6MCY=\/650x366\/filters:quality(70)\/cloudfront-eu-central-1.images.arcpublishing.com\/prisaradio\/EPJHJP4FL6ZXV54VMWQKNVC72Y.jpg\" loading=\"lazy\" width=\"828\" height=\"621\" \/><\/figure><ul><li><a href=\"https:\/\/cadenaser.com\/comunitat-valenciana\/2023\/11\/20\/fiscalia-pide-doce-anos-y-tres-meses-de-prision-para-tres-hombres-acusados-de-abusar-sexualmente-de-una-mujer-en-benidorm-radio-benidorm\/\">La v\u00edctima de una violaci\u00f3n grupal en Benidorm cree que le introdujeron droga en la bebida<\/a><\/li><\/ul><\/p>   <p>Con todo, el tribunal no da credibilidad a su testimonio al incidir en que, en sus declaraciones previas ante el juzgado, s\u00ed hab\u00eda asumido la autor\u00eda de gran parte de los hechos por los que se le somet\u00eda a juicio.<\/p>   <p>Adem\u00e1s, la Audiencia de Alicante expone que la autor\u00eda de los hechos quedar\u00eda demostrada a partir del abundante material probatorio reflejado en los informes periciales sobre lo intervenido en los discos duros hallados en su domicilio y en el registro de su navegaci\u00f3n por internet con nombres en clave que el acusado reconoci\u00f3 haber utilizado.<\/p>   <p>La Sala descarta, igualmente, la nulidad de las actuaciones solicitada por la defensa del procesado como cuesti\u00f3n previa en el inicio de la vista. En ese momento, su letrada aleg\u00f3 que supuestamente se hab\u00edan vulnerado el derecho al secreto de las comunicaciones del procesado y el de presunci\u00f3n de inocencia desde el instante en que se produjo la entrada y registro de su vivienda en virtud de una orden judicial, sin que antes se hubiese practicado su detenci\u00f3n y se le hubiesen le\u00eddo sus derechos.<\/p>   <p>Al margen del cumplimiento de los 20 a\u00f1os de c\u00e1rcel como pena m\u00e1xima, el fallo establece que el acusado deber\u00e1 indemnizar a tres de los menores sobre los que cometi\u00f3 abusos en la cantidad de 6.000 euros por cada uno de ellos.<\/p>   <p>La sentencia es recurrible en apelaci\u00f3n ante el <a href=\"https:\/\/cadenaser.com\/tag\/tsjv_tribunal_superior_justicia_valencia\/a\/\" target=\"_blank\" rel=\"noopener\">Tribunal Superior de Justicia de la Comunitat (TSJCV)<\/a> en el plazo de diez d\u00edas desde su notificaci\u00f3n.<\/p> ","protected":false},"excerpt":{"rendered":"<p>El condenado, de nacionalidad brit\u00e1nica y 27 a\u00f1os, pasar\u00e1 como m\u00e1ximo en la c\u00e1rcel 20 a\u00f1os<\/p>\n","protected":false},"author":0,"featured_media":550,"comment_status":"open","ping_status":"open","sticky":false,"template":"","format":"standard","meta":{"_acf_changed":false,"footnotes":""},"categories":[1],"tags":[],"class_list":["post-549","post","type-post","status-publish","format-standard","has-post-thumbnail","hentry","category-sin-categoria"],"acf":{"ser_id":"IHA7Y43CIFHEDIKLZ6CATHV46I","ser_url":""},"_links":{"self":[{"href":"https:\/\/serbenidorm.daliisolutions.com\/index.php\/wp-json\/wp\/v2\/posts\/549","targetHints":{"allow":["GET"]}}],"collection":[{"href":"https:\/\/serbenidorm.daliisolutions.com\/index.php\/wp-json\/wp\/v2\/posts"}],"about":[{"href":"https:\/\/serbenidorm.daliisolutions.com\/index.php\/wp-json\/wp\/v2\/types\/post"}],"replies":[{"embeddable":true,"href":"https:\/\/serbenidorm.daliisolutions.com\/index.php\/wp-json\/wp\/v2\/comments?post=549"}],"version-history":[{"count":0,"href":"https:\/\/serbenidorm.daliisolutions.com\/index.php\/wp-json\/wp\/v2\/posts\/549\/revisions"}],"wp:featuredmedia":[{"embeddable":true,"href":"https:\/\/serbenidorm.daliisolutions.com\/index.php\/wp-json\/wp\/v2\/media\/550"}],"wp:attachment":[{"href":"https:\/\/serbenidorm.daliisolutions.com\/index.php\/wp-json\/wp\/v2\/media?parent=549"}],"wp:term":[{"taxonomy":"category","embeddable":true,"href":"https:\/\/serbenidorm.daliisolutions.com\/index.php\/wp-json\/wp\/v2\/categories?post=549"},{"taxonomy":"post_tag","embeddable":true,"href":"https:\/\/serbenidorm.daliisolutions.com\/index.php\/wp-json\/wp\/v2\/tags?post=549"}],"curies":[{"name":"wp","href":"https:\/\/api.w.org\/{rel}","templated":true}]}}