{"id":5491,"date":"2024-05-27T13:28:52","date_gmt":"2024-05-27T11:28:52","guid":{"rendered":"https:\/\/serbenidorm.daliisolutions.com\/index.php\/2024\/05\/27\/el-c-f-benidorm-se-regala-este-martes-un-partido-de-primera-ante-el-valencia\/"},"modified":"2024-05-27T13:28:52","modified_gmt":"2024-05-27T11:28:52","slug":"el-c-f-benidorm-se-regala-este-martes-un-partido-de-primera-ante-el-valencia","status":"publish","type":"post","link":"https:\/\/serbenidorm.daliisolutions.com\/index.php\/2024\/05\/27\/el-c-f-benidorm-se-regala-este-martes-un-partido-de-primera-ante-el-valencia\/","title":{"rendered":"El C.F. Benidorm se regala este martes un partido de Primera ante el Val\u00e8ncia"},"content":{"rendered":"  <p>Hace algo m\u00e1s de un mes que el <a href=\"https:\/\/cadenaser.com\/tag\/club_futbol_benidorm\/a\/\" target=\"_blank\" rel=\"noopener\">C.F. Benidorm<\/a> certific\u00f3 de manera matem\u00e1tica su ascenso a la Tercera RFEF y algo menos, apenas dos semanas, que los de Miguel \u00c1ngel Mart\u00ednez bajaron el tel\u00f3n de su temporada\u2026 oficial. El final definitivo a este a\u00f1o hist\u00f3rico para el equipo propiedad de David Villa llegar\u00e1 este martes con el partido amistoso que los enfrentar\u00e1 en el Guillermo Amor al Val\u00e8ncia de Rub\u00e9n Baraja, que este domingo terminaba tambi\u00e9n su a\u00f1o empatando a dos ante el Celta de Vigo para ser novenos en Primera Divisi\u00f3n.<\/p>  <p><p>M\u00e1s informaci\u00f3n<\/p><figure><img loading=\"lazy\" decoding=\"async\" src=\"https:\/\/cadenaser.com\/resizer\/v2\/RI6SVCPMLZD4PCO662ENW772EQ.jpg?auth=b2c6f9b078a27bbd7039a012ee6ae433fd26ad5ffc1f6e12ad52ff6a999c9ec8&amp;quality=70&amp;width=360&amp;height=202&amp;smart=true\" width=\"820\" height=\"621\" \/><\/figure><ul><li><a href=\"https:\/\/cadenaser.com\/tag\/club_futbol_benidorm\/a\/\"><span>Todas las noticias del C.F. Benidorm<\/span><\/a><\/li><\/ul><\/p>   <p>El choque, que arrancar\u00e1 a las 19:00 horas, es una suerte de regalo tanto para la plantilla como para la afici\u00f3n benidormense antes de tomar unas semanas de vacaciones para recargar las pilas antes de afrontar una nueva aventura en Tercera RFEF.<\/p>   <p>Para este partido \u2018de Primera\u2019 ante el Val\u00e8ncia se espera un lleno absoluto en las gradas del Guillermo Amor. El <a href=\"https:\/\/cadenaser.com\/tag\/club_futbol_benidorm\/a\/\" target=\"_blank\" rel=\"noopener\">C.F. Benidorm<\/a> ha puesto las entradas a la venta tanto a trav\u00e9s de su plataforma online (<a href=\"https:\/\/cfbenidorm.compralaentrada.com\/eventos\/\" rel=\"nofollow\">click aqu\u00ed<\/a>) como en las taquillas del Guillermo Amor, que permanecer\u00e1n abiertas este lunes de 16:30 a 20:30 horas y que el martes, el mismo d\u00eda del partido, abrir\u00e1n a las 16:30 horas.<\/p>   <p><p><strong>Sigue el canal de Carrusel en WhatsApp<\/strong><br \/>\u00a1Bienvenido al canal de Whatsapp de Carrusel! Toda la emoci\u00f3n del deporte, EN DIRECTO. Dirige Dani Garrido<\/p><a href=\"https:\/\/whatsapp.com\/channel\/0029Va8gTnP3rZZcN6Uzfi1x\" title=\"Suscr\u00edbete\">Suscr\u00edbete ahora<\/a><\/p> ","protected":false},"excerpt":{"rendered":"<p>El equipo del Guillermo Amor cerrar\u00e1 la temporada del ascenso midi\u00e9ndose a los de Rub\u00e9n Baraja<\/p>\n","protected":false},"author":0,"featured_media":5492,"comment_status":"open","ping_status":"open","sticky":false,"template":"","format":"standard","meta":{"_acf_changed":false,"footnotes":""},"categories":[16],"tags":[],"class_list":["post-5491","post","type-post","status-publish","format-standard","has-post-thumbnail","hentry","category-deportes"],"acf":{"ser_id":"KQVPKSZFCFD7TFN2AHUVPLWY7A","ser_url":"https:\/\/cadenaser.com\/comunitat-valenciana\/2024\/05\/27\/el-cf-benidorm-se-regala-este-martes-un-partido-de-primera-ante-el-valencia-radio-benidorm\/"},"_links":{"self":[{"href":"https:\/\/serbenidorm.daliisolutions.com\/index.php\/wp-json\/wp\/v2\/posts\/5491","targetHints":{"allow":["GET"]}}],"collection":[{"href":"https:\/\/serbenidorm.daliisolutions.com\/index.php\/wp-json\/wp\/v2\/posts"}],"about":[{"href":"https:\/\/serbenidorm.daliisolutions.com\/index.php\/wp-json\/wp\/v2\/types\/post"}],"replies":[{"embeddable":true,"href":"https:\/\/serbenidorm.daliisolutions.com\/index.php\/wp-json\/wp\/v2\/comments?post=5491"}],"version-history":[{"count":0,"href":"https:\/\/serbenidorm.daliisolutions.com\/index.php\/wp-json\/wp\/v2\/posts\/5491\/revisions"}],"wp:featuredmedia":[{"embeddable":true,"href":"https:\/\/serbenidorm.daliisolutions.com\/index.php\/wp-json\/wp\/v2\/media\/5492"}],"wp:attachment":[{"href":"https:\/\/serbenidorm.daliisolutions.com\/index.php\/wp-json\/wp\/v2\/media?parent=5491"}],"wp:term":[{"taxonomy":"category","embeddable":true,"href":"https:\/\/serbenidorm.daliisolutions.com\/index.php\/wp-json\/wp\/v2\/categories?post=5491"},{"taxonomy":"post_tag","embeddable":true,"href":"https:\/\/serbenidorm.daliisolutions.com\/index.php\/wp-json\/wp\/v2\/tags?post=5491"}],"curies":[{"name":"wp","href":"https:\/\/api.w.org\/{rel}","templated":true}]}}