{"id":5495,"date":"2024-05-27T13:53:16","date_gmt":"2024-05-27T11:53:16","guid":{"rendered":"https:\/\/serbenidorm.daliisolutions.com\/index.php\/2024\/05\/27\/lalfas-del-pi-municipio-con-mas-centros-azules-de-europa-segun-adeac\/"},"modified":"2024-05-27T13:53:16","modified_gmt":"2024-05-27T11:53:16","slug":"lalfas-del-pi-municipio-con-mas-centros-azules-de-europa-segun-adeac","status":"publish","type":"post","link":"https:\/\/serbenidorm.daliisolutions.com\/index.php\/2024\/05\/27\/lalfas-del-pi-municipio-con-mas-centros-azules-de-europa-segun-adeac\/","title":{"rendered":"L&#8217;Alf\u00e0s del Pi, municipio con m\u00e1s Centros Azules de Europa seg\u00fan ADEAC"},"content":{"rendered":"  <p>L\u2019Alf\u00e0s del Pi se ha convertido en el municipio con m\u00e1s Centros Azules de Europa seg\u00fan la Asociaci\u00f3n de Educaci\u00f3n Ambiental (ADEAC) que ha entregado este reconocimiento al municipio por los seis centros azules que tiene repartidos por el t\u00e9rmino.<\/p>   <p>Aunque el resto de municipios recibir\u00e1n sus <a href=\"https:\/\/cadenaser.com\/comunitat-valenciana\/2024\/04\/05\/el-albir-renuncia-a-su-bandera-azul-para-poder-transformar-el-paseo-de-las-estrellas-con-fondos-europeos-radio-benidorm\/\" target=\"_blank\" rel=\"noopener\">banderas azules<\/a> hoy lunes 27 de mayo, L&#8217;Alf\u00e0s del Pi lo recog\u00eda el pasado viernes 24 aprovechando un acto de presentaci\u00f3n de una nueva ruta natural de 13 kil\u00f3metros de recorrido con parada en los 6 Centros Azules.<\/p>   <p>El edil de Turismo y Medio Ambiente,<a href=\"https:\/\/cadenaser.com\/audio\/1679661600578\/\" target=\"_blank\" rel=\"noopener\"> Lu\u00eds Miguel Morant<\/a>, ha explicado en <a href=\"\/\/radiobenidorm.es\" rel=\"nofollow noopener\" target=\"_blank\">Hoy por Hoy Benidorm<\/a> la importancia de recibir este galard\u00f3n que premia \u00ablos espacios dedicados a la educaci\u00f3n ambiental desde el punto de vista pedag\u00f3gico y accesible a todo el mundo\u00bb. <\/p>   <p>Adem\u00e1s Morant ha recordado que L&#8217;Alf\u00e0s del Pi ser\u00e1 sede del 2\u00ba Congreso Internacional Bandera Azul: \u2018Sostenibilidad, Salud y Seguridad\u2019 los d\u00edas 22, 23 y 24 de octubre.  Mas de 40 entidades van a colaborar en el Congreso, y m\u00e1s de 40 expertos participaran durante los tres d\u00edas en un programa donde habr\u00e1 mesas de trabajo y pr\u00e1cticas en la playa.<\/p>   <p>Los seis centros con <a href=\"https:\/\/cadenaser.com\/comunitat-valenciana\/2024\/03\/14\/asi-son-los-tres-senderos-azules-que-tiene-la-marina-baixa-este-2024-radio-benidorm\/\" target=\"_blank\" rel=\"noopener\">galard\u00f3n azul <\/a>son: el Centro de Interpretaci\u00f3n Medioambiental del Faro de l\u00b4Albir; Centro de Interpretaci\u00f3n Medioambiental y Paisaj\u00edstica \u2018Los Carrascos\u2019; Centro de Interpretaci\u00f3n Medioambiental \u2018La Antigua Cantera\u2019; Centro de Educaci\u00f3n Ambiental Los Carabineros; el Museo al Aire Libre Villa Romana del Albir y el Espacio Cultural Escoles Velles.<\/p>   <p>     .c-w{         max-width:444px;         width:100%;         margin:16px auto;      background:#00755E;         border-radius:4px;         display:flex;         align-items:center;         justify-content:center;     }     .c-w a{         display:flex;         align-items:center;         justify-content:center;         padding:4px 24px;     }     .c-w img{         width:24px;         margin-right:12px;     }     .c-w p{         font:18px\/25px Poppins;         text-align:center;         color:#fff;         margin:0;     }     @media (max-width:444px){         .c-w a{             padding:4px 12px;         }         .c-w img{             width:24px;             margin-right:8px;         }         .c-w p{             font:14px\/25px Poppins;         }     }     @media (max-width:335px){         .c-w p{             font:13px\/25px Poppins;         }     }  <div class=\"c-w\">     <a href=\"https:\/\/www.whatsapp.com\/channel\/0029Va633PF9WtC4l7XUzh1e\" target=\"_blank\" rel=\"noopener\">         <img decoding=\"async\" src=\"https:\/\/cadenaser.com\/estaticos\/recursosgraficos\/responsive\/img\/ico-whatsapp.svg\" alt=\"Whatsapp\">         <p>\u00danete al <b>canal de WhatsApp<\/b> de la SER<\/p>     <\/a> <\/div><\/p> ","protected":false},"excerpt":{"rendered":"<p>Galardones concedidos a los centros del Faro del Albir,  Los Carrascos, La Antigua Cantera, Los Carabineros, Villa Romana de l\u2019Albir y Les Escoles Velles.<\/p>\n","protected":false},"author":0,"featured_media":5496,"comment_status":"open","ping_status":"open","sticky":false,"template":"","format":"standard","meta":{"_acf_changed":false,"footnotes":""},"categories":[1],"tags":[],"class_list":["post-5495","post","type-post","status-publish","format-standard","has-post-thumbnail","hentry","category-sin-categoria"],"acf":{"ser_id":"PDRV6ISNENEJZDLPEJCJHVJRZU","ser_url":"https:\/\/cadenaser.com\/comunitat-valenciana\/2024\/05\/27\/lalfas-del-pi-municipio-con-mas-centros-azules-de-europa-segun-adeac-radio-benidorm\/"},"_links":{"self":[{"href":"https:\/\/serbenidorm.daliisolutions.com\/index.php\/wp-json\/wp\/v2\/posts\/5495","targetHints":{"allow":["GET"]}}],"collection":[{"href":"https:\/\/serbenidorm.daliisolutions.com\/index.php\/wp-json\/wp\/v2\/posts"}],"about":[{"href":"https:\/\/serbenidorm.daliisolutions.com\/index.php\/wp-json\/wp\/v2\/types\/post"}],"replies":[{"embeddable":true,"href":"https:\/\/serbenidorm.daliisolutions.com\/index.php\/wp-json\/wp\/v2\/comments?post=5495"}],"version-history":[{"count":0,"href":"https:\/\/serbenidorm.daliisolutions.com\/index.php\/wp-json\/wp\/v2\/posts\/5495\/revisions"}],"wp:featuredmedia":[{"embeddable":true,"href":"https:\/\/serbenidorm.daliisolutions.com\/index.php\/wp-json\/wp\/v2\/media\/5496"}],"wp:attachment":[{"href":"https:\/\/serbenidorm.daliisolutions.com\/index.php\/wp-json\/wp\/v2\/media?parent=5495"}],"wp:term":[{"taxonomy":"category","embeddable":true,"href":"https:\/\/serbenidorm.daliisolutions.com\/index.php\/wp-json\/wp\/v2\/categories?post=5495"},{"taxonomy":"post_tag","embeddable":true,"href":"https:\/\/serbenidorm.daliisolutions.com\/index.php\/wp-json\/wp\/v2\/tags?post=5495"}],"curies":[{"name":"wp","href":"https:\/\/api.w.org\/{rel}","templated":true}]}}