{"id":551,"date":"2023-12-13T10:17:25","date_gmt":"2023-12-13T09:17:25","guid":{"rendered":"https:\/\/serbenidorm.daliisolutions.com\/index.php\/2023\/12\/13\/finestrat-en-2024-nueva-escuela-infantil-municipal-y-servicio-de-pediatria-en-la-cala\/"},"modified":"2023-12-13T10:17:25","modified_gmt":"2023-12-13T09:17:25","slug":"finestrat-en-2024-nueva-escuela-infantil-municipal-y-servicio-de-pediatria-en-la-cala","status":"publish","type":"post","link":"https:\/\/serbenidorm.daliisolutions.com\/index.php\/2023\/12\/13\/finestrat-en-2024-nueva-escuela-infantil-municipal-y-servicio-de-pediatria-en-la-cala\/","title":{"rendered":"Finestrat en 2024: nueva Escuela Infantil Municipal y servicio de Pediatr\u00eda en La Cala"},"content":{"rendered":"  <p>Finestrat<\/p>   <p>El alcalde de Finestrat, Juanfran P\u00e9rez Llorca, ha hecho este martes este martes balance del 2023 y previsi\u00f3n del 2024 en un encuentro con los medios de comunicaci\u00f3n celebrado en la Llar del Pensionista. <\/p>   <p>Un an\u00e1lisis tradicional cuando llegan las fechas navide\u00f1as de los principales asuntos de la actualidad finestratense y que ha estado marcado por varios anuncios como <a href=\"https:\/\/cadenaser.com\/tag\/finestrat\/a\/\" target=\"_blank\" rel=\"noopener\">la construcci\u00f3n de la segunda Escuela Infantil Municipal durante el pr\u00f3ximo a\u00f1o y la puesta en marcha en pocos meses del demandado servicio de Pediatr\u00eda en el consultorio de La Cala<\/a>.<\/p>   <p><figure><img decoding=\"async\" src=\"https:\/\/cadenaser.com\/resizer\/U9Z_4cyXwOxM311iMJv9L5MPy0Y=\/650x366\/filters:quality(70)\/cloudfront-eu-central-1.images.arcpublishing.com\/prisaradio\/I7CZ5Q6Q7JDWTNDODELLWYP4H4.jpg\" loading=\"lazy\" width=\"240\" height=\"135\" \/><\/figure><div><a href=\"https:\/\/cadenaser.com\/comunitat-valenciana\/2023\/09\/07\/finestrat-termina-la-rehabilitacion-integral-de-mimosas-y-salvia-en-la-cala-radio-benidorm\/\">Finestrat termina la rehabilitaci\u00f3n integral de Mimosas y Salvia en La Cala<\/a><p><\/p><\/div><\/p>   <p>La Escuela Infantil, ha reconocido el primer edil, viene a solucionar un problema de plazas que surgi\u00f3 por primera vez el a\u00f1o pasado. Se va a levantar junto al Colegio P\u00fablico Balc\u00f3 de Finestrat y la previsi\u00f3n es que est\u00e9 acabado \u00aba finales del 2024 o principios de 2025\u00bb.<\/p>   <p>2024 es un a\u00f1o en el que tambi\u00e9n va a empezar la obra del nuevo instituto cuya finalizaci\u00f3n se espera en 2026. Adem\u00e1s, la inspecci\u00f3n educativa ha aprobado recientemente la necesidad de un tercer colegio y el consistorio ya prepara un nuevo expediente para dotarlo de un terreno de 13.000 metros cuadrados, seg\u00fan ha precisado P\u00e9rez Llorca.<\/p>   <p>\u00abNo era justo\u00bb<\/p>   <p>Otros anuncios destacados de P\u00e9rez Llorca han sido la llegada del servicio de Pediatr\u00eda al consultorio de la Cala a principios de 2024 tras a\u00f1os de demandas a la Generalitat as\u00ed como la elaboraci\u00f3n de un nuevo <a href=\"https:\/\/cadenaser.com\/audio\/1702389329279\/\" target=\"_blank\" rel=\"noopener\">Plan General de Ordenaci\u00f3n Urbana<\/a>. <\/p>   <p><p>M\u00e1s informaci\u00f3n<\/p><ul><li><a href=\"https:\/\/cadenaser.com\/audio\/1702389329279\/\">La tertulia de La Ventana de la Marina Baixa: Planes de urbanismo en la comarca<\/a><\/li><\/ul><\/p>   <p>Tambi\u00e9n se estudia el aumento de tasas como de la basura de cara a la configuraci\u00f3n del nuevo presupuesto. Unas cuentas que se espera vean la luz entre este mes de diciembre y enero.<\/p>   <p>Dos nuevos aparcamientos<\/p>   <p>En el \u00e1mbito de la movilidad, el alcalde de Finestrat ha comunicado la creaci\u00f3n de dos nuevos aparcamientos para solucionar otro problema emergente en la localidad, el de la falta de plazas: uno con capacidad para 250 veh\u00edculos y tambi\u00e9n autobuses en la partida del Salt y<b> <\/b>otro parking subterr\u00e1neo de 50 plazas en el carrer San Vicente.<\/p>   <p>De los <a href=\"https:\/\/cadenaser.com\/tag\/fondo_europeo_recuperacion_covid_19\/a\/\" target=\"_blank\" rel=\"noopener\">fondos Next Generation<\/a>, el Ayuntamiento de Finestrat quiere aprovechar los tres millones de la Uni\u00f3n Europea para inversiones en accesibilidad y aportar\u00e1 del presupuesto municipal otros dos millones y medio para obras como la consolidaci\u00f3n del talud de la pe\u00f1a que arrancar\u00e1 el pr\u00f3ximo lunes. Tambi\u00e9n se quiere embellecer este entorno e iluminar las casas colgantes y crear una v\u00eda peatonal para dar la vuelta al talud.<\/p>   <p>Adem\u00e1s, se ha mejorado y se quiere retomar el proyecto del ascensor que comunicar\u00e1 el aparcamiento de la Casa de la Cultura y el mirador del Castillo.<\/p>   <p><div class=\"hd\"><p>Radio Benidorm<\/p><\/div><div class=\"lst lst-s\"><ul><li><div id=\"player-cadenaser_benidorm_hoyporhoymatinalbenidorm_20231213_082000_083000\" class=\"c-pl-a\"><button class=\"bt-pp\" data-audioid=\"cadenaser_benidorm_hoyporhoymatinalbenidorm_20231213_082000_083000\" data-type=\"aod\">Play<\/button><\/div><p title=\"Hoy por Hoy matinal Benidorm 8:20 (13\/12\/2023)\"><span>Hoy por Hoy matinal Benidorm 8:20 (13\/12\/2023)<\/span><span>10:00<!-- -->\u00a0|\u00a0<!-- -->Hoy por Hoy matinal Benidorm<\/span><\/p><\/li><li><div id=\"player-cadenaser_benidorm_hoyporhoymatinalbenidorm_20231213_072000_073000\" class=\"c-pl-a\"><button class=\"bt-pp\" data-audioid=\"cadenaser_benidorm_hoyporhoymatinalbenidorm_20231213_072000_073000\" data-type=\"aod\">Play<\/button><\/div><p title=\"Hoy por Hoy matinal Benidorm 7:20 (13\/12\/2023)\"><span>Hoy por Hoy matinal Benidorm 7:20 (13\/12\/2023)<\/span><span>10:00<!-- -->\u00a0|\u00a0<!-- -->Hoy por Hoy matinal Benidorm<\/span><\/p><\/li><li><div id=\"player-cadenaser_benidorm_laventanadelamarinabaixa_20231212_192000_194000\" class=\"c-pl-a\"><button class=\"bt-pp\" data-audioid=\"cadenaser_benidorm_laventanadelamarinabaixa_20231212_192000_194000\" data-type=\"aod\">Play<\/button><\/div><p title=\"La Ventana de la Marina Baixa (12\/12\/2023)\"><span>La Ventana de la Marina Baixa (12\/12\/2023)<\/span><span>20:00<!-- -->\u00a0|\u00a0<!-- -->La Ventana de la Marina Baixa<\/span><\/p><\/li><li><div id=\"player-cadenaser_benidorm_serdeportivosbenidorm_20231212_152000_160000\" class=\"c-pl-a\"><button class=\"bt-pp\" data-audioid=\"cadenaser_benidorm_serdeportivosbenidorm_20231212_152000_160000\" data-type=\"aod\">Play<\/button><\/div><p title=\"SER Deportivos Benidorm (12\/12\/2023)\"><span>SER Deportivos Benidorm (12\/12\/2023)<\/span><span>40:00<!-- -->\u00a0|\u00a0<!-- -->SER Deportivos Benidorm<\/span><\/p><\/li><li><div id=\"player-1702390454618\" class=\"c-pl-a\"><button class=\"bt-pp\" data-audioid=\"1702390454618\" data-type=\"aod\">Play<\/button><\/div><p title=\"En Educando en Inclusi\u00f3n la maestra Sonia Montesinos nos habla de los resultados de las elecciones del Consejo Escolar\"><span>En Educando en Inclusi\u00f3n la maestra Sonia Montesinos nos habla de los resultados de las elecciones del Consejo Escolar<\/span><span>23:06<!-- -->\u00a0|\u00a0<!-- -->Hoy por Hoy Benidorm<\/span><\/p><\/li><li><div id=\"player-1702390182003\" class=\"c-pl-a\"><button class=\"bt-pp\" data-audioid=\"1702390182003\" data-type=\"aod\">Play<\/button><\/div><p title=\"El cantante de Benidorm Isaac Fortuna presenta sus \u00faltimos temas\"><span>El cantante de Benidorm Isaac Fortuna presenta sus \u00faltimos temas<\/span><span>19:50<!-- -->\u00a0|\u00a0<!-- -->Hoy por Hoy Benidorm<\/span><\/p><\/li><li><div id=\"player-1702389949655\" class=\"c-pl-a\"><button class=\"bt-pp\" data-audioid=\"1702389949655\" data-type=\"aod\">Play<\/button><\/div><p title=\"Juanfran P\u00e9rez hace balance del 2023 y presenta los principales proyectos para Finestrat en 2024\"><span>Juanfran P\u00e9rez hace balance del 2023 y presenta los principales proyectos para Finestrat en 2024<\/span><span>07:51<!-- -->\u00a0|\u00a0<!-- -->Hoy por Hoy Benidorm<\/span><\/p><\/li><li><div id=\"player-1702389329279\" class=\"c-pl-a\"><button class=\"bt-pp\" data-audioid=\"1702389329279\" data-type=\"aod\">Play<\/button><\/div><p title=\"La tertulia de La Ventana de la Marina Baixa (12\/12\/2023)\"><span>La tertulia de La Ventana de la Marina Baixa (12\/12\/2023)<\/span><span>39:51<!-- -->\u00a0|\u00a0<!-- -->La Ventana de la Marina Baixa<\/span><\/p><\/li><li><div id=\"player-cadenaser_benidorm_hora14benidorm_20231212_141700_143000\" class=\"c-pl-a\"><button class=\"bt-pp\" data-audioid=\"cadenaser_benidorm_hora14benidorm_20231212_141700_143000\" data-type=\"aod\">Play<\/button><\/div><p title=\"Hora 14 Benidorm (12\/12\/2023)\"><span>Hora 14 Benidorm (12\/12\/2023)<\/span><span>13:00<!-- -->\u00a0|\u00a0<!-- -->Hora 14 Benidorm<\/span><\/p><\/li><li><div id=\"player-cadenaser_benidorm_hoyporhoybenidorm_20231212_122000_140000\" class=\"c-pl-a\"><button class=\"bt-pp\" data-audioid=\"cadenaser_benidorm_hoyporhoybenidorm_20231212_122000_140000\" data-type=\"aod\">Play<\/button><\/div><p title=\"Hoy por Hoy Benidorm (12\/12\/2023)\"><span>Hoy por Hoy Benidorm (12\/12\/2023)<\/span><span>01:40:00<!-- -->\u00a0|\u00a0<!-- -->Hoy por Hoy Benidorm<\/span><\/p><\/li><li><div id=\"player-1702387048709\" class=\"c-pl-a\"><button class=\"bt-pp\" data-audioid=\"1702387048709\" data-type=\"aod\">Play<\/button><\/div><p title=\"La brit\u00e1nica Michelle Baker nos cuenta como disfrutar en Benidorm de la Nochevieja\"><span>La brit\u00e1nica Michelle Baker nos cuenta como disfrutar en Benidorm de la Nochevieja<\/span><span>17:25<!-- -->\u00a0|\u00a0<!-- -->Hoy por Hoy Benidorm<\/span><\/p><\/li><li><div id=\"player-1702386631276\" class=\"c-pl-a\"><button class=\"bt-pp\" data-audioid=\"1702386631276\" data-type=\"aod\">Play<\/button><\/div><p title=\"En La Radio en tu Barrio nos visita la Asociaci\u00f3n de Vecinos de Poniente de Benidorm\"><span>En La Radio en tu Barrio nos visita la Asociaci\u00f3n de Vecinos de Poniente de Benidorm<\/span><span>15:55<!-- -->\u00a0|\u00a0<!-- -->Hoy por Hoy Benidorm<\/span><\/p><\/li><li><div id=\"player-1702386208376\" class=\"c-pl-a\"><button class=\"bt-pp\" data-audioid=\"1702386208376\" data-type=\"aod\">Play<\/button><\/div><p title=\"La nutricionista Sheila Barquero nos da consejos para afrontar la Navidad con buenos h\u00e1bitos de alimentaci\u00f3n\"><span>La nutricionista Sheila Barquero nos da consejos para afrontar la Navidad con buenos h\u00e1bitos de alimentaci\u00f3n<\/span><span>22:56<!-- -->\u00a0|\u00a0<!-- -->Hoy por Hoy Benidorm<\/span><\/p><\/li><li><div id=\"player-1702383403366\" class=\"c-pl-a\"><button class=\"bt-pp\" data-audioid=\"1702383403366\" data-type=\"aod\">Play<\/button><\/div><p title=\"La maestra Sonia Montesinos nos habla de las tertulias lectoras que se organizan en los centros de Benidorm\"><span>La maestra Sonia Montesinos nos habla de las tertulias lectoras que se organizan en los centros de Benidorm<\/span><span>21:44<!-- -->\u00a0|\u00a0<!-- -->Hoy por Hoy Benidorm<\/span><\/p><\/li><li><div id=\"player-cadenaser_benidorm_hoyporhoymatinalbenidorm_20231212_082000_083000\" class=\"c-pl-a\"><button class=\"bt-pp\" data-audioid=\"cadenaser_benidorm_hoyporhoymatinalbenidorm_20231212_082000_083000\" data-type=\"aod\">Play<\/button><\/div><p title=\"Hoy por Hoy matinal Benidorm 8:20 (12\/12\/2023)\"><span>Hoy por Hoy matinal Benidorm 8:20 (12\/12\/2023)<\/span><span>10:00<!-- -->\u00a0|\u00a0<!-- -->Hoy por Hoy matinal Benidorm<\/span><\/p><\/li><\/ul><\/div><\/p> ","protected":false},"excerpt":{"rendered":"<p>Se prepara un nuevo Plan General de Ordenaci\u00f3n Urban\u00edstica<\/p>\n","protected":false},"author":0,"featured_media":552,"comment_status":"open","ping_status":"open","sticky":false,"template":"","format":"standard","meta":{"_acf_changed":false,"footnotes":""},"categories":[1],"tags":[],"class_list":["post-551","post","type-post","status-publish","format-standard","has-post-thumbnail","hentry","category-sin-categoria"],"acf":{"ser_id":"OQMK6NPTDZF35K4FAQ4IAZU7H4","ser_url":""},"_links":{"self":[{"href":"https:\/\/serbenidorm.daliisolutions.com\/index.php\/wp-json\/wp\/v2\/posts\/551","targetHints":{"allow":["GET"]}}],"collection":[{"href":"https:\/\/serbenidorm.daliisolutions.com\/index.php\/wp-json\/wp\/v2\/posts"}],"about":[{"href":"https:\/\/serbenidorm.daliisolutions.com\/index.php\/wp-json\/wp\/v2\/types\/post"}],"replies":[{"embeddable":true,"href":"https:\/\/serbenidorm.daliisolutions.com\/index.php\/wp-json\/wp\/v2\/comments?post=551"}],"version-history":[{"count":0,"href":"https:\/\/serbenidorm.daliisolutions.com\/index.php\/wp-json\/wp\/v2\/posts\/551\/revisions"}],"wp:featuredmedia":[{"embeddable":true,"href":"https:\/\/serbenidorm.daliisolutions.com\/index.php\/wp-json\/wp\/v2\/media\/552"}],"wp:attachment":[{"href":"https:\/\/serbenidorm.daliisolutions.com\/index.php\/wp-json\/wp\/v2\/media?parent=551"}],"wp:term":[{"taxonomy":"category","embeddable":true,"href":"https:\/\/serbenidorm.daliisolutions.com\/index.php\/wp-json\/wp\/v2\/categories?post=551"},{"taxonomy":"post_tag","embeddable":true,"href":"https:\/\/serbenidorm.daliisolutions.com\/index.php\/wp-json\/wp\/v2\/tags?post=551"}],"curies":[{"name":"wp","href":"https:\/\/api.w.org\/{rel}","templated":true}]}}