{"id":5529,"date":"2024-05-28T09:23:27","date_gmt":"2024-05-28T07:23:27","guid":{"rendered":"https:\/\/serbenidorm.daliisolutions.com\/index.php\/2024\/05\/28\/nacho-valles-recibe-el-premio-como-mejor-central-de-la-liga-asobal\/"},"modified":"2024-05-28T09:23:27","modified_gmt":"2024-05-28T07:23:27","slug":"nacho-valles-recibe-el-premio-como-mejor-central-de-la-liga-asobal","status":"publish","type":"post","link":"https:\/\/serbenidorm.daliisolutions.com\/index.php\/2024\/05\/28\/nacho-valles-recibe-el-premio-como-mejor-central-de-la-liga-asobal\/","title":{"rendered":"Nacho Valles recibe el premio como mejor central de la Liga Asobal"},"content":{"rendered":"  <p>La gran temporada protagonizada por Nacho Valles en las filas del <a href=\"https:\/\/cadenaser.com\/tag\/club_balonmano_benidorm\/a\/\" target=\"_blank\" rel=\"noopener\">TM Benidorm<\/a> se ha visto refrendada con su nombramiento como mejor central de la reci\u00e9n terminada edici\u00f3n de la <a href=\"https:\/\/cadenaser.com\/tag\/liga_asobal\/a\/\" target=\"_blank\" rel=\"noopener\">Liga Asobal<\/a>, la d\u00e9cima consecutiva para su equipo en la m\u00e1xima categor\u00eda del balonmano nacional.<\/p>  <p><p>M\u00e1s informaci\u00f3n<\/p><figure><img loading=\"lazy\" decoding=\"async\" src=\"https:\/\/cadenaser.com\/resizer\/v2\/BM74FJWKTFDCXBH77RJBF6LRMM.JPG?auth=52c6a27e1e5a6cfeccbb58480a761b2fa115eb35e646e7019360103ab240a0f5&amp;quality=70&amp;width=360&amp;height=202&amp;smart=true\" width=\"820\" height=\"621\" \/><\/figure><ul><li><a href=\"https:\/\/cadenaser.com\/tag\/club_balonmano_benidorm\/a\/\"><span>Todas las noticias del TM Benidorm<\/span><\/a><\/li><\/ul><\/p>   <p>Valles ha sido el gran \u2018director de orquesta\u2019 del <a href=\"https:\/\/cadenaser.com\/tag\/club_balonmano_benidorm\/a\/\" target=\"_blank\" rel=\"noopener\">TM Benidorm<\/a> en la presente campa\u00f1a y uno de los hombres m\u00e1s determinantes en el ataque del equipo de Sergio Carballeira, convirtiendo hasta 164 goles y siendo tambi\u00e9n el m\u00e1ximo asistente de la <a href=\"https:\/\/cadenaser.com\/tag\/liga_asobal\/a\/\" target=\"_blank\" rel=\"noopener\">Liga Asobal<\/a> con 197 pases de gol completados.<\/p>   <p>En el 7 ideal de la temporada, junto a Nacho Valles, han formado el portero P\u00e9rez de Vargas (Bar\u00e7a), los laterales Dika Men (Bar\u00e7a) y Antonio Garc\u00eda (Fraikin Granollers), los extremos Carlos \u00c1lvarez (Ademar Le\u00f3n) y Adri\u00e1n Casqueiro y el opuesto Esteban Salinas.<\/p>   <p><p><strong>Sigue el canal de Carrusel en WhatsApp<\/strong><br \/>\u00a1Bienvenido al canal de Whatsapp de Carrusel! Toda la emoci\u00f3n del deporte, EN DIRECTO. Dirige Dani Garrido<\/p><a href=\"https:\/\/whatsapp.com\/channel\/0029Va8gTnP3rZZcN6Uzfi1x\" title=\"Suscr\u00edbete\">Suscr\u00edbete ahora<\/a><\/p> ","protected":false},"excerpt":{"rendered":"<p>El jugador del TM Benidorm destac\u00f3 por su aportaci\u00f3n durante todo el reci\u00e9n terminado campeoanto<\/p>\n","protected":false},"author":0,"featured_media":5530,"comment_status":"open","ping_status":"open","sticky":false,"template":"","format":"standard","meta":{"_acf_changed":false,"footnotes":""},"categories":[16],"tags":[],"class_list":["post-5529","post","type-post","status-publish","format-standard","has-post-thumbnail","hentry","category-deportes"],"acf":{"ser_id":"HEUW6QN7Q5DFBGFBODQ4XWSSQ4","ser_url":"https:\/\/cadenaser.com\/comunitat-valenciana\/2024\/05\/28\/nacho-valles-recibe-el-premio-como-mejor-central-de-la-liga-asobal-radio-benidorm\/"},"_links":{"self":[{"href":"https:\/\/serbenidorm.daliisolutions.com\/index.php\/wp-json\/wp\/v2\/posts\/5529","targetHints":{"allow":["GET"]}}],"collection":[{"href":"https:\/\/serbenidorm.daliisolutions.com\/index.php\/wp-json\/wp\/v2\/posts"}],"about":[{"href":"https:\/\/serbenidorm.daliisolutions.com\/index.php\/wp-json\/wp\/v2\/types\/post"}],"replies":[{"embeddable":true,"href":"https:\/\/serbenidorm.daliisolutions.com\/index.php\/wp-json\/wp\/v2\/comments?post=5529"}],"version-history":[{"count":0,"href":"https:\/\/serbenidorm.daliisolutions.com\/index.php\/wp-json\/wp\/v2\/posts\/5529\/revisions"}],"wp:featuredmedia":[{"embeddable":true,"href":"https:\/\/serbenidorm.daliisolutions.com\/index.php\/wp-json\/wp\/v2\/media\/5530"}],"wp:attachment":[{"href":"https:\/\/serbenidorm.daliisolutions.com\/index.php\/wp-json\/wp\/v2\/media?parent=5529"}],"wp:term":[{"taxonomy":"category","embeddable":true,"href":"https:\/\/serbenidorm.daliisolutions.com\/index.php\/wp-json\/wp\/v2\/categories?post=5529"},{"taxonomy":"post_tag","embeddable":true,"href":"https:\/\/serbenidorm.daliisolutions.com\/index.php\/wp-json\/wp\/v2\/tags?post=5529"}],"curies":[{"name":"wp","href":"https:\/\/api.w.org\/{rel}","templated":true}]}}