{"id":5532,"date":"2024-05-28T09:44:41","date_gmt":"2024-05-28T07:44:41","guid":{"rendered":"https:\/\/serbenidorm.daliisolutions.com\/index.php\/2024\/05\/28\/jaume-planells-llama-a-la-puerta-del-futuro-con-su-primer-gol-en-liga-asobal\/"},"modified":"2024-05-28T09:44:41","modified_gmt":"2024-05-28T07:44:41","slug":"jaume-planells-llama-a-la-puerta-del-futuro-con-su-primer-gol-en-liga-asobal","status":"publish","type":"post","link":"https:\/\/serbenidorm.daliisolutions.com\/index.php\/2024\/05\/28\/jaume-planells-llama-a-la-puerta-del-futuro-con-su-primer-gol-en-liga-asobal\/","title":{"rendered":"Jaume Planells llama a la puerta del futuro con su primer gol en Liga Asobal"},"content":{"rendered":"  <p>Hacerse un hueco en un siete inicial en la cada vez m\u00e1s competitiva <a href=\"https:\/\/cadenaser.com\/tag\/liga_asobal\/a\/\" target=\"_blank\" rel=\"noopener\">Liga Asobal<\/a> es cada vez m\u00e1s complicado y, siempre, un sue\u00f1o para los j\u00f3venes jugadores que consiguen dar el enorme paso de comenzar a entrar en las convocatorias de cualquiera de los equipos de la \u00e9lite del balonmano espa\u00f1ol.<\/p>   <p>Ese sue\u00f1o es, si cabe, todav\u00eda m\u00e1s especial cuando uno puede hacerlo en el equipo \u2018de casa\u2019, que es lo que ha logrado el alteano Jaume Planells, que ha sido convocado por Sergio Carballeira en distintos momentos de la temporada y que ha contado con minutos en cancha tanto en el primer como \u00faltimo partido de la temporada.<\/p>  <p><p>M\u00e1s informaci\u00f3n<\/p><figure><img loading=\"lazy\" decoding=\"async\" src=\"https:\/\/cadenaser.com\/resizer\/v2\/T7QE5WKHABAT3LFTXAHM4P5ZDQ.JPG?auth=4f553a63d7eff0cba49b7c6942f2ed958761532a1bc49a3f21f8ab8eadbd3c18&amp;quality=70&amp;width=360&amp;height=202&amp;smart=true\" width=\"820\" height=\"621\" \/><\/figure><ul><li><a href=\"https:\/\/cadenaser.com\/comunitat-valenciana\/2024\/05\/28\/nacho-valles-recibe-el-premio-como-mejor-central-de-la-liga-asobal-radio-benidorm\/\"><span>Nacho Valles recibe el premio como mejor central de la Liga Asobal<\/span><\/a><\/li><\/ul><\/p>   <p>Ha sido en este \u00faltimo,<a href=\"https:\/\/cadenaser.com\/comunitat-valenciana\/2024\/05\/27\/el-tm-benidorm-cierra-su-decada-en-la-liga-asobal-con-la-decima-plaza-radio-benidorm\/\" target=\"_blank\" rel=\"noopener\"> el disputado en la cancha del Granollers<\/a>, donde Planells ha dado un nuevo paso en su carrera logrando el que ha sido su primer gol en la Liga Asobal.<\/p>   <p>Jaume Planells pas\u00f3 por los micr\u00f3fonos de <a href=\"https:\/\/cadenaser.com\/radio-benidorm\/ser-deportivos-benidorm\/\" target=\"_blank\" rel=\"noopener\">SER Deportivos Marina Baixa<\/a> este lunes y, aunque reconoc\u00eda que todav\u00eda tiene mucho margen de progresi\u00f3n y mejora para hacerse con un hueco definitivo en el <a href=\"https:\/\/cadenaser.com\/tag\/club_balonmano_benidorm\/a\/\" target=\"_blank\" rel=\"noopener\">TM Benidorm<\/a>, tambi\u00e9n asegur\u00f3 que va a seguir trabajando duro para lograr convertirse en uno de los fijos de Carballeira en el futuro.<\/p>   <p><p><strong>Sigue el canal de Carrusel en WhatsApp<\/strong><br \/>\u00a1Bienvenido al canal de Whatsapp de Carrusel! Toda la emoci\u00f3n del deporte, EN DIRECTO. Dirige Dani Garrido<\/p><a href=\"https:\/\/whatsapp.com\/channel\/0029Va8gTnP3rZZcN6Uzfi1x\" title=\"Suscr\u00edbete\">Suscr\u00edbete ahora<\/a><\/p> ","protected":false},"excerpt":{"rendered":"<p>El jugador alteano volvi\u00f3 al \u2018siete\u2019 del TM Benidorm ante el Granollers<\/p>\n","protected":false},"author":0,"featured_media":5533,"comment_status":"open","ping_status":"open","sticky":false,"template":"","format":"standard","meta":{"_acf_changed":false,"footnotes":""},"categories":[16],"tags":[],"class_list":["post-5532","post","type-post","status-publish","format-standard","has-post-thumbnail","hentry","category-deportes"],"acf":{"ser_id":"HEBMG5PXEZFAJNUA5XBZRYAJ3E","ser_url":"https:\/\/cadenaser.com\/comunitat-valenciana\/2024\/05\/28\/jaume-planells-llama-a-la-puerta-del-futuro-con-su-primer-gol-en-liga-asobal-radio-benidorm\/"},"_links":{"self":[{"href":"https:\/\/serbenidorm.daliisolutions.com\/index.php\/wp-json\/wp\/v2\/posts\/5532","targetHints":{"allow":["GET"]}}],"collection":[{"href":"https:\/\/serbenidorm.daliisolutions.com\/index.php\/wp-json\/wp\/v2\/posts"}],"about":[{"href":"https:\/\/serbenidorm.daliisolutions.com\/index.php\/wp-json\/wp\/v2\/types\/post"}],"replies":[{"embeddable":true,"href":"https:\/\/serbenidorm.daliisolutions.com\/index.php\/wp-json\/wp\/v2\/comments?post=5532"}],"version-history":[{"count":0,"href":"https:\/\/serbenidorm.daliisolutions.com\/index.php\/wp-json\/wp\/v2\/posts\/5532\/revisions"}],"wp:featuredmedia":[{"embeddable":true,"href":"https:\/\/serbenidorm.daliisolutions.com\/index.php\/wp-json\/wp\/v2\/media\/5533"}],"wp:attachment":[{"href":"https:\/\/serbenidorm.daliisolutions.com\/index.php\/wp-json\/wp\/v2\/media?parent=5532"}],"wp:term":[{"taxonomy":"category","embeddable":true,"href":"https:\/\/serbenidorm.daliisolutions.com\/index.php\/wp-json\/wp\/v2\/categories?post=5532"},{"taxonomy":"post_tag","embeddable":true,"href":"https:\/\/serbenidorm.daliisolutions.com\/index.php\/wp-json\/wp\/v2\/tags?post=5532"}],"curies":[{"name":"wp","href":"https:\/\/api.w.org\/{rel}","templated":true}]}}