{"id":5534,"date":"2024-05-28T10:05:58","date_gmt":"2024-05-28T08:05:58","guid":{"rendered":"https:\/\/serbenidorm.daliisolutions.com\/index.php\/2024\/05\/28\/el-sporting-la-nucia-se-medira-al-gran-canaria-en-la-semifinal-por-el-ascenso\/"},"modified":"2024-05-28T10:05:58","modified_gmt":"2024-05-28T08:05:58","slug":"el-sporting-la-nucia-se-medira-al-gran-canaria-en-la-semifinal-por-el-ascenso","status":"publish","type":"post","link":"https:\/\/serbenidorm.daliisolutions.com\/index.php\/2024\/05\/28\/el-sporting-la-nucia-se-medira-al-gran-canaria-en-la-semifinal-por-el-ascenso\/","title":{"rendered":"El Sporting La Nuc\u00eda se medir\u00e1 al Gran Canaria en la semifinal por el ascenso"},"content":{"rendered":"  <p><a href=\"https:\/\/cadenaser.com\/comunitat-valenciana\/2024\/05\/27\/el-sporting-la-nucia-se-impone-a-mataro-y-sigue-adelante-en-la-fase-de-ascenso-radio-benidorm\/\" target=\"_blank\" rel=\"noopener\">Tras haber superado al Matar\u00f3 en la primera eliminatoria del play-off por el ascenso a la Segunda Divisi\u00f3n del f\u00fatbol sala<\/a>, el Sporting La Nuc\u00eda se las tendr\u00e1 que ver en la segunda ronda con el campe\u00f3n del Grupo 6, el Gran Canaria, un equipo que termin\u00f3 la fase regular de la competici\u00f3n con 28 victorias, un empate y una derrota.<\/p>   <p>El conjunto canario consigui\u00f3 el pase a esta segunda ronda de la competici\u00f3n haciendo valer el 0-1 conseguido en la cancha del Doctoral F\u00fatbol Sala en el partido de ida, una ventaja m\u00ednima que le cost\u00f3 mucho mantener en su casa el pasado fin de semana, donde no pudo pasar del empate a cinco goles en un partido muy sufrido.<\/p>  <p><p>M\u00e1s informaci\u00f3n<\/p><figure><img loading=\"lazy\" decoding=\"async\" src=\"https:\/\/cadenaser.com\/resizer\/v2\/JKA3EYTN7FBMPCVQ3HTAEHRFGE.jpg?auth=8f0eac381580d7272818e09e435643abce307b969b8e49a563bc5695c368b93c&amp;quality=70&amp;width=360&amp;height=202&amp;smart=true\" width=\"820\" height=\"621\" \/><\/figure><ul><li><a href=\"https:\/\/cadenaser.com\/comunitat-valenciana\/2024\/05\/27\/el-sporting-la-nucia-se-impone-a-mataro-y-sigue-adelante-en-la-fase-de-ascenso-radio-benidorm\/\"><span>El Sporting La Nuc\u00eda se impone a Matar\u00f3 y sigue adelante en la fase de ascenso<\/span><\/a><\/li><\/ul><\/p>   <p>El Sporting La Nuc\u00eda jugar\u00e1 el partido de ida de esta semifinal ante el Gran Canaria el pr\u00f3ximo s\u00e1bado, 1 de junio, en el Pabell\u00f3n Camilo Cano, mientras que el choque de vuelta llevar\u00e1 a los de Dada hasta Canarias el s\u00e1bado, 8 de junio.<\/p>   <p>Tobe, capit\u00e1n del Sporting La Nuc\u00eda, reconoc\u00eda este lunes en SER Deportivos Marina Baixa (antes de producirse el sorteo de emparejamientos) que, de poder elegir, prefer\u00eda tener que v\u00e9rselas con el M\u00f3stoles, uno de los \u2018cocos\u2019 de esta fase final y, por lo tanto, de los favoritos a conseguir el ascenso.<\/p>   <p>En cualquier caso, de los 96 equipos que arrancaron el pasado mes de septiembre la competici\u00f3n en los seis grupos de la Segunda Divisi\u00f3n B, ya s\u00f3lo quedan doce en competici\u00f3n, siendo el Sporting La Nuc\u00eda uno de ellos.<\/p>   <p>     .c-w{         max-width:444px;         width:100%;         margin:16px auto;      background:#00755E;         border-radius:4px;         display:flex;         align-items:center;         justify-content:center;     }     .c-w a{         display:flex;         align-items:center;         justify-content:center;         padding:4px 24px;     }     .c-w img{         width:24px;         margin-right:12px;     }     .c-w p{         font:18px\/25px Poppins;         text-align:center;         color:#fff;         margin:0;     }     @media (max-width:444px){         .c-w a{             padding:4px 12px;         }         .c-w img{             width:24px;             margin-right:8px;         }         .c-w p{             font:14px\/25px Poppins;         }     }     @media (max-width:335px){         .c-w p{             font:13px\/25px Poppins;         }     }  <div class=\"c-w\">     <a href=\"https:\/\/www.whatsapp.com\/channel\/0029Va633PF9WtC4l7XUzh1e\" target=\"_blank\" rel=\"noopener\">         <img decoding=\"async\" src=\"https:\/\/cadenaser.com\/estaticos\/recursosgraficos\/responsive\/img\/ico-whatsapp.svg\" alt=\"Whatsapp\">         <p>\u00danete al <b>canal de WhatsApp<\/b> de la SER<\/p>     <\/a> <\/div><\/p>   <p>Tras la disputa de esta segunda y pen\u00faltima ronda, un nuevo sorteo deparar\u00e1 los tres partidos en los que los seis equipos supervivientes buscar\u00e1n las tres \u00fanicas plazas que dan acceso a la categor\u00eda de plata del f\u00fatbol sala nacional.<\/p>   <p><p><strong>Sigue el canal de Carrusel en WhatsApp<\/strong><br \/>\u00a1Bienvenido al canal de Whatsapp de Carrusel! Toda la emoci\u00f3n del deporte, EN DIRECTO. Dirige Dani Garrido<\/p><a href=\"https:\/\/whatsapp.com\/channel\/0029Va8gTnP3rZZcN6Uzfi1x\" title=\"Suscr\u00edbete\">Suscr\u00edbete ahora<\/a><\/p> ","protected":false},"excerpt":{"rendered":"<p>El partido de ida de la eliminatoria ante el campe\u00f3n del Grupo 6 se disputar\u00e1 en el Camilo Cano<\/p>\n","protected":false},"author":0,"featured_media":5535,"comment_status":"open","ping_status":"open","sticky":false,"template":"","format":"standard","meta":{"_acf_changed":false,"footnotes":""},"categories":[16],"tags":[],"class_list":["post-5534","post","type-post","status-publish","format-standard","has-post-thumbnail","hentry","category-deportes"],"acf":{"ser_id":"5ANYWH34GFFZTDKLRTQBAIF7EE","ser_url":"https:\/\/cadenaser.com\/comunitat-valenciana\/2024\/05\/28\/el-sporting-la-nucia-se-medira-al-gran-canaria-en-la-semifinal-por-el-ascenso-radio-benidorm\/"},"_links":{"self":[{"href":"https:\/\/serbenidorm.daliisolutions.com\/index.php\/wp-json\/wp\/v2\/posts\/5534","targetHints":{"allow":["GET"]}}],"collection":[{"href":"https:\/\/serbenidorm.daliisolutions.com\/index.php\/wp-json\/wp\/v2\/posts"}],"about":[{"href":"https:\/\/serbenidorm.daliisolutions.com\/index.php\/wp-json\/wp\/v2\/types\/post"}],"replies":[{"embeddable":true,"href":"https:\/\/serbenidorm.daliisolutions.com\/index.php\/wp-json\/wp\/v2\/comments?post=5534"}],"version-history":[{"count":0,"href":"https:\/\/serbenidorm.daliisolutions.com\/index.php\/wp-json\/wp\/v2\/posts\/5534\/revisions"}],"wp:featuredmedia":[{"embeddable":true,"href":"https:\/\/serbenidorm.daliisolutions.com\/index.php\/wp-json\/wp\/v2\/media\/5535"}],"wp:attachment":[{"href":"https:\/\/serbenidorm.daliisolutions.com\/index.php\/wp-json\/wp\/v2\/media?parent=5534"}],"wp:term":[{"taxonomy":"category","embeddable":true,"href":"https:\/\/serbenidorm.daliisolutions.com\/index.php\/wp-json\/wp\/v2\/categories?post=5534"},{"taxonomy":"post_tag","embeddable":true,"href":"https:\/\/serbenidorm.daliisolutions.com\/index.php\/wp-json\/wp\/v2\/tags?post=5534"}],"curies":[{"name":"wp","href":"https:\/\/api.w.org\/{rel}","templated":true}]}}