{"id":5552,"date":"2024-05-28T16:08:29","date_gmt":"2024-05-28T14:08:29","guid":{"rendered":"https:\/\/serbenidorm.daliisolutions.com\/index.php\/2024\/05\/28\/los-autobuses-escolares-de-benidorm-a-examen\/"},"modified":"2024-05-28T16:08:29","modified_gmt":"2024-05-28T14:08:29","slug":"los-autobuses-escolares-de-benidorm-a-examen","status":"publish","type":"post","link":"https:\/\/serbenidorm.daliisolutions.com\/index.php\/2024\/05\/28\/los-autobuses-escolares-de-benidorm-a-examen\/","title":{"rendered":"Los autobuses escolares de Benidorm, a examen"},"content":{"rendered":"  <p>Un centenar de autobuses que cubren las rutas de transporte escolar de Benidorm est\u00e1n siendo sometidos a una campa\u00f1a de revisi\u00f3n por parte de la polic\u00eda local para verificar que se cumplen todas las condiciones de seguridad y los veh\u00edculos cuentan con todos los dispositivos requeridos.<\/p>   <p>La campa\u00f1a de revisi\u00f3n de la flota de autobuses escolares ha comenzado esta semana y, en ella, t\u00e9cnicos especialistas del cuerpo en transportes y documentaci\u00f3n \u201cverifican las medidas de seguridad del veh\u00edculo, la documentaci\u00f3n y tambi\u00e9n las habilitaciones de las personas que acompa\u00f1an a los menores\u201d, ha indicado a <a href=\"https:\/\/cadenaser.com\/tag\/benidorm\/a\/\" target=\"_blank\" rel=\"noopener\">Radio Benidorm<\/a> el portavoz de la polic\u00eda local de Benidorm, Quique Tortosa.<\/p>  <p><p class=\"tit\"><span>Hora 14 Benidorm (28\/05\/2024)<\/span><\/p> <p class=\"emb\"><iframe loading=\"lazy\" src=\"https:\/\/cadenaser.com\/embed\/audio\/460\/cadenaser_benidorm_hora14benidorm_20240528_141700_143000\/\" width=\"100%\" height=\"360\" frameborder=\"0\" allowfullscreen><\/iframe><\/p><\/p>   <p>Adem\u00e1s tambi\u00e9n se revisa tac\u00f3grafos, salidas de emergencia, sistemas de retenci\u00f3n, limitadores de velocidad, frenada de emergencia y documentaci\u00f3n de los conductores y del personal auxiliar.<\/p>   <p>La polic\u00eda ha avisado a la ciudadan\u00eda de esta campa\u00f1a a trav\u00e9s de sus redes sociales en una poblaci\u00f3n que cuenta actualmente con 22 centros educativos que suman 454 unidades educativas, con m\u00e1s de 10.000 alumnos en las distintas etapas formativas.<\/p> ","protected":false},"excerpt":{"rendered":"<p>La Polic\u00eda Local desarrolla una campa\u00f1a de revisi\u00f3n del centenar de transportes escolares que hay en la ciudad<\/p>\n","protected":false},"author":0,"featured_media":5553,"comment_status":"open","ping_status":"open","sticky":false,"template":"","format":"standard","meta":{"_acf_changed":false,"footnotes":""},"categories":[1],"tags":[],"class_list":["post-5552","post","type-post","status-publish","format-standard","has-post-thumbnail","hentry","category-sin-categoria"],"acf":{"ser_id":"NEMDH2GLRNE77FFTCS3MS3GFVM","ser_url":"https:\/\/cadenaser.com\/comunitat-valenciana\/2024\/05\/28\/los-autobuses-escolares-de-benidorm-a-examen-radio-benidorm\/"},"_links":{"self":[{"href":"https:\/\/serbenidorm.daliisolutions.com\/index.php\/wp-json\/wp\/v2\/posts\/5552","targetHints":{"allow":["GET"]}}],"collection":[{"href":"https:\/\/serbenidorm.daliisolutions.com\/index.php\/wp-json\/wp\/v2\/posts"}],"about":[{"href":"https:\/\/serbenidorm.daliisolutions.com\/index.php\/wp-json\/wp\/v2\/types\/post"}],"replies":[{"embeddable":true,"href":"https:\/\/serbenidorm.daliisolutions.com\/index.php\/wp-json\/wp\/v2\/comments?post=5552"}],"version-history":[{"count":0,"href":"https:\/\/serbenidorm.daliisolutions.com\/index.php\/wp-json\/wp\/v2\/posts\/5552\/revisions"}],"wp:featuredmedia":[{"embeddable":true,"href":"https:\/\/serbenidorm.daliisolutions.com\/index.php\/wp-json\/wp\/v2\/media\/5553"}],"wp:attachment":[{"href":"https:\/\/serbenidorm.daliisolutions.com\/index.php\/wp-json\/wp\/v2\/media?parent=5552"}],"wp:term":[{"taxonomy":"category","embeddable":true,"href":"https:\/\/serbenidorm.daliisolutions.com\/index.php\/wp-json\/wp\/v2\/categories?post=5552"},{"taxonomy":"post_tag","embeddable":true,"href":"https:\/\/serbenidorm.daliisolutions.com\/index.php\/wp-json\/wp\/v2\/tags?post=5552"}],"curies":[{"name":"wp","href":"https:\/\/api.w.org\/{rel}","templated":true}]}}