{"id":5554,"date":"2024-05-28T16:08:29","date_gmt":"2024-05-28T14:08:29","guid":{"rendered":"https:\/\/serbenidorm.daliisolutions.com\/index.php\/2024\/05\/28\/benidorm-lanzara-la-quinta-edicion-de-sus-bonos-consumo-con-los-645-000-euros-que-aporta-diputacion\/"},"modified":"2024-05-28T16:08:29","modified_gmt":"2024-05-28T14:08:29","slug":"benidorm-lanzara-la-quinta-edicion-de-sus-bonos-consumo-con-los-645-000-euros-que-aporta-diputacion","status":"publish","type":"post","link":"https:\/\/serbenidorm.daliisolutions.com\/index.php\/2024\/05\/28\/benidorm-lanzara-la-quinta-edicion-de-sus-bonos-consumo-con-los-645-000-euros-que-aporta-diputacion\/","title":{"rendered":"Benidorm lanzar\u00e1 la quinta edici\u00f3n de sus bonos consumo con los 645.000 euros que aporta Diputaci\u00f3n"},"content":{"rendered":"  <p>El Ayuntamiento de Benidorm editar\u00e1 una nueva edici\u00f3n del programa de bonos consumo <a href=\"https:\/\/cadenaser.com\/tag\/benidorm\/a\/\" target=\"_blank\" rel=\"noopener\">&#8216;Benidorm Te Da M\u00e1s&#8217; <\/a>gracias a los 645.174 euros que va a recibir de la Diputaci\u00f3n Provincial de Alicante dentro de la pr\u00f3xima campa\u00f1a de fomento del consumo.<\/p>   <p>De esta forma el Consistorio vuelve a lanzar nuevas l\u00edneas de ayudas  para familias y hogares que incentivan el consumo en el comercio local y  que, en este caso, ser\u00eda la quinta edici\u00f3n. <\/p>  <p><p class=\"tit\"><span>Hora 14 Benidorm (28\/05\/2024)<\/span><\/p> <p class=\"emb\"><iframe loading=\"lazy\" src=\"https:\/\/cadenaser.com\/embed\/audio\/460\/cadenaser_benidorm_hora14benidorm_20240528_141700_143000\/\" width=\"100%\" height=\"360\" frameborder=\"0\" allowfullscreen><\/iframe><\/p><\/p>   <p>\u201cEstos bonos permiten cubrir las necesidades m\u00e1s b\u00e1sicas como es la compra de alimentos, art\u00edculos de higiene o el pago de suministros energ\u00e9ticos, el gas o la luz\u00bb, ha afirmado el alcalde Toni P\u00e9rez quien ya anunci\u00f3 d\u00edas atr\u00e1s la intenci\u00f3n del Ayuntamiento de sumarse a esta campa\u00f1a de la instituci\u00f3n provincial.<\/p>  <p><p>M\u00e1s informaci\u00f3n<\/p><figure><img loading=\"lazy\" decoding=\"async\" src=\"https:\/\/cadenaser.com\/resizer\/v2\/KOT54NKZZVHCNMUYO7WMILHNOY.jpeg?auth=2d789539007d42d47dce1524c9914dd94fe5ff14418268c01c58acb0ed8bb592&amp;quality=70&amp;width=360&amp;height=202&amp;smart=true\" width=\"820\" height=\"621\" \/><\/figure><ul><li><a href=\"https:\/\/cadenaser.com\/comunitat-valenciana\/2024\/05\/23\/abierta-la-inscripcion-para-la-escuela-de-verano-de-benidorm-consulta-lugar-fechas-y-precios-radio-benidorm\/\"><span>Abierta la inscripci\u00f3n para la Escuela de Verano de Benidorm: consulta lugar, fechas y precios<\/span><\/a><\/li><\/ul><\/p>   <p>Al igual que el resto de municipios de la provincia, Benidorm podr\u00e1 solicitar la subvenci\u00f3n en el plazo de 20 d\u00edas h\u00e1biles desde la publicaci\u00f3n de la convocatoria en el BOP que se ha producido este mismo martes.<\/p>   <p>La Diputaci\u00f3n Provincial de Alicante destina a esta convocatoria veinte millones de euros que se reparten en funci\u00f3n del n\u00famero de habitantes de cada municipio adherido.<\/p>   <p>     .c-w{         max-width:444px;         width:100%;         margin:16px auto;      background:#00755E;         border-radius:4px;         display:flex;         align-items:center;         justify-content:center;     }     .c-w a{         display:flex;         align-items:center;         justify-content:center;         padding:4px 24px;     }     .c-w img{         width:24px;         margin-right:12px;     }     .c-w p{         font:18px\/25px Poppins;         text-align:center;         color:#fff;         margin:0;     }     @media (max-width:444px){         .c-w a{             padding:4px 12px;         }         .c-w img{             width:24px;             margin-right:8px;         }         .c-w p{             font:14px\/25px Poppins;         }     }     @media (max-width:335px){         .c-w p{             font:13px\/25px Poppins;         }     }  <div class=\"c-w\">     <a href=\"https:\/\/www.whatsapp.com\/channel\/0029Va633PF9WtC4l7XUzh1e\" target=\"_blank\" rel=\"noopener\">         <img decoding=\"async\" src=\"https:\/\/cadenaser.com\/estaticos\/recursosgraficos\/responsive\/img\/ico-whatsapp.svg\" alt=\"Whatsapp\">         <p>\u00danete al <b>canal de WhatsApp<\/b> de la SER<\/p>     <\/a> <\/div><\/p>   <p>El objetivo es la realizaci\u00f3n de campa\u00f1as de fomento del consumo desarrolladas a trav\u00e9s del sistema de bono-consumo en las modalidades de gesti\u00f3n por el propio ayuntamiento, mediante plataformas digitales o a trav\u00e9s de los comercios asociados a la campa\u00f1a hasta el pr\u00f3ximo 31 de diciembre de este a\u00f1o.<\/p> ","protected":false},"excerpt":{"rendered":"<p>Antes de final de a\u00f1o<\/p>\n","protected":false},"author":0,"featured_media":5555,"comment_status":"open","ping_status":"open","sticky":false,"template":"","format":"standard","meta":{"_acf_changed":false,"footnotes":""},"categories":[1],"tags":[],"class_list":["post-5554","post","type-post","status-publish","format-standard","has-post-thumbnail","hentry","category-sin-categoria"],"acf":{"ser_id":"YH55K5YIFRAT7PS345EML25UYE","ser_url":"https:\/\/cadenaser.com\/comunitat-valenciana\/2024\/05\/28\/benidorm-lanzara-la-quinta-edicion-de-sus-bonos-consumo-con-los-645000-euros-que-aporta-diputacion-radio-benidorm\/"},"_links":{"self":[{"href":"https:\/\/serbenidorm.daliisolutions.com\/index.php\/wp-json\/wp\/v2\/posts\/5554","targetHints":{"allow":["GET"]}}],"collection":[{"href":"https:\/\/serbenidorm.daliisolutions.com\/index.php\/wp-json\/wp\/v2\/posts"}],"about":[{"href":"https:\/\/serbenidorm.daliisolutions.com\/index.php\/wp-json\/wp\/v2\/types\/post"}],"replies":[{"embeddable":true,"href":"https:\/\/serbenidorm.daliisolutions.com\/index.php\/wp-json\/wp\/v2\/comments?post=5554"}],"version-history":[{"count":0,"href":"https:\/\/serbenidorm.daliisolutions.com\/index.php\/wp-json\/wp\/v2\/posts\/5554\/revisions"}],"wp:featuredmedia":[{"embeddable":true,"href":"https:\/\/serbenidorm.daliisolutions.com\/index.php\/wp-json\/wp\/v2\/media\/5555"}],"wp:attachment":[{"href":"https:\/\/serbenidorm.daliisolutions.com\/index.php\/wp-json\/wp\/v2\/media?parent=5554"}],"wp:term":[{"taxonomy":"category","embeddable":true,"href":"https:\/\/serbenidorm.daliisolutions.com\/index.php\/wp-json\/wp\/v2\/categories?post=5554"},{"taxonomy":"post_tag","embeddable":true,"href":"https:\/\/serbenidorm.daliisolutions.com\/index.php\/wp-json\/wp\/v2\/tags?post=5554"}],"curies":[{"name":"wp","href":"https:\/\/api.w.org\/{rel}","templated":true}]}}