{"id":5564,"date":"2024-05-29T07:14:42","date_gmt":"2024-05-29T05:14:42","guid":{"rendered":"https:\/\/serbenidorm.daliisolutions.com\/index.php\/2024\/05\/29\/una-victoria-del-valencia-pone-el-punto-y-final-a-la-temporada-historica-del-c-f-benidorm\/"},"modified":"2024-05-29T07:14:42","modified_gmt":"2024-05-29T05:14:42","slug":"una-victoria-del-valencia-pone-el-punto-y-final-a-la-temporada-historica-del-c-f-benidorm","status":"publish","type":"post","link":"https:\/\/serbenidorm.daliisolutions.com\/index.php\/2024\/05\/29\/una-victoria-del-valencia-pone-el-punto-y-final-a-la-temporada-historica-del-c-f-benidorm\/","title":{"rendered":"Una victoria del Val\u00e8ncia pone el punto y final a la temporada hist\u00f3rica del C.F. Benidorm"},"content":{"rendered":"  <p>Reci\u00e9n ascendido a Tercera RFEF, el C.F. Benidorm se regal\u00f3 (y regal\u00f3 a su afici\u00f3n) un partido de Primera ante el Val\u00e8ncia como colof\u00f3n final a una temporada hist\u00f3rica en la que la entidad del Municipal Guillermo Amor no s\u00f3lo ha completado su primera campa\u00f1a bajo la propiedad de un hist\u00f3rico del balompi\u00e9 nacional como David Villa, sino que ha sentado las bases, o eso se considera en la capital tur\u00edstica, del resurgir de este deporte en la ciudad.<\/p>   <p>El resultado final, con victoria del Val\u00e8ncia por 1-3, en realidad fue lo de menos en lo que, por todo lo dem\u00e1s, fue la fiesta de bienvenida del verano en la ciudad que m\u00e1s vive de ello en toda la Comunitat Valenciana en la que se cumpl\u00edan, adem\u00e1s, 60 a\u00f1os del nacimiento del Benidorm C.D., precursor del actual equipo.<\/p>   <p>Rub\u00e9n Baraja, como era previsible, le dio la oportunidad a muchos canteranos de foguearse en esta postrera aparici\u00f3n de la temporada con el primer equipo, lo que no rest\u00f3 superioridad alguna al conjunto de la capital del Turia, que dej\u00f3 el partido encarrilado en la primera mitad gracias a los tantos de Mario Izquierdo (en propia puerta), Joselu en un periodo que, por lo dem\u00e1s, fue absolutamente tedioso por la ausencia de iniciativa y f\u00fatbol por parte de los dos equipos.<\/p>   <p>M\u00e1s culpa de ello pudo tener el Val\u00e8ncia, del que, como en el caso de los soldados y el valor, el f\u00fatbol se le supone. El C.F. Benidorm, por su parte, hizo lo que pudo y lleg\u00f3, incluso, a inquietar en momentos puntuales a Rivero, portero \u2018che\u2019 en esta ocasi\u00f3n.<\/p>   <p>La segunda mitad comenz\u00f3, como termin\u00f3 la primera, con claro dominio visitante, aunque fue el C.F. Benidorm, en las botas de Jos\u00e9 Carlos, el que tuvo la oportunidad m\u00e1s clara de recortar distancias cuando se hab\u00edan cumplido apenas tres minutos de juego, cuando el palo evit\u00f3 el tanto que hubiese dado alas a los del Guillermo Amor.<\/p>   <p>     .c-w{         max-width:444px;         width:100%;         margin:16px auto;      background:#00755E;         border-radius:4px;         display:flex;         align-items:center;         justify-content:center;     }     .c-w a{         display:flex;         align-items:center;         justify-content:center;         padding:4px 24px;     }     .c-w img{         width:24px;         margin-right:12px;     }     .c-w p{         font:18px\/25px Poppins;         text-align:center;         color:#fff;         margin:0;     }     @media (max-width:444px){         .c-w a{             padding:4px 12px;         }         .c-w img{             width:24px;             margin-right:8px;         }         .c-w p{             font:14px\/25px Poppins;         }     }     @media (max-width:335px){         .c-w p{             font:13px\/25px Poppins;         }     }  <div class=\"c-w\">     <a href=\"https:\/\/www.whatsapp.com\/channel\/0029Va633PF9WtC4l7XUzh1e\" target=\"_blank\" rel=\"noopener\">         <img decoding=\"async\" src=\"https:\/\/cadenaser.com\/estaticos\/recursosgraficos\/responsive\/img\/ico-whatsapp.svg\" alt=\"Whatsapp\">         <p>\u00danete al <b>canal de WhatsApp<\/b> de la SER<\/p>     <\/a> <\/div><\/p>   <p>Lo m\u00e1s destacado de una segunda mitad fue el gol de Javi Cabezas (h\u00e9roe en su momento del ascenso a Primera RFEF de La Nuc\u00eda hace dos temporadas) que coloc\u00f3, apenas tres minutos despu\u00e9s del tanto de Joselu, el 1-3 definitivo.<\/p>   <p><p><strong>Sigue el canal de Carrusel en WhatsApp<\/strong><br \/>\u00a1Bienvenido al canal de Whatsapp de Carrusel! Toda la emoci\u00f3n del deporte, EN DIRECTO. Dirige Dani Garrido<\/p><a href=\"https:\/\/whatsapp.com\/channel\/0029Va8gTnP3rZZcN6Uzfi1x\" title=\"Suscr\u00edbete\">Suscr\u00edbete ahora<\/a><\/p> ","protected":false},"excerpt":{"rendered":"<p>Poco f\u00fatbol en un choque muy desigual en el Municipal Guillermo Amor<\/p>\n","protected":false},"author":0,"featured_media":5565,"comment_status":"open","ping_status":"open","sticky":false,"template":"","format":"standard","meta":{"_acf_changed":false,"footnotes":""},"categories":[16],"tags":[],"class_list":["post-5564","post","type-post","status-publish","format-standard","has-post-thumbnail","hentry","category-deportes"],"acf":{"ser_id":"UMF4BZXJZRH2ZAEXHVM3GMTFXQ","ser_url":"https:\/\/cadenaser.com\/comunitat-valenciana\/2024\/05\/28\/una-victoria-del-valencia-pone-el-punto-y-final-a-la-temporada-historica-del-cf-benidorm-radio-benidorm\/"},"_links":{"self":[{"href":"https:\/\/serbenidorm.daliisolutions.com\/index.php\/wp-json\/wp\/v2\/posts\/5564","targetHints":{"allow":["GET"]}}],"collection":[{"href":"https:\/\/serbenidorm.daliisolutions.com\/index.php\/wp-json\/wp\/v2\/posts"}],"about":[{"href":"https:\/\/serbenidorm.daliisolutions.com\/index.php\/wp-json\/wp\/v2\/types\/post"}],"replies":[{"embeddable":true,"href":"https:\/\/serbenidorm.daliisolutions.com\/index.php\/wp-json\/wp\/v2\/comments?post=5564"}],"version-history":[{"count":0,"href":"https:\/\/serbenidorm.daliisolutions.com\/index.php\/wp-json\/wp\/v2\/posts\/5564\/revisions"}],"wp:featuredmedia":[{"embeddable":true,"href":"https:\/\/serbenidorm.daliisolutions.com\/index.php\/wp-json\/wp\/v2\/media\/5565"}],"wp:attachment":[{"href":"https:\/\/serbenidorm.daliisolutions.com\/index.php\/wp-json\/wp\/v2\/media?parent=5564"}],"wp:term":[{"taxonomy":"category","embeddable":true,"href":"https:\/\/serbenidorm.daliisolutions.com\/index.php\/wp-json\/wp\/v2\/categories?post=5564"},{"taxonomy":"post_tag","embeddable":true,"href":"https:\/\/serbenidorm.daliisolutions.com\/index.php\/wp-json\/wp\/v2\/tags?post=5564"}],"curies":[{"name":"wp","href":"https:\/\/api.w.org\/{rel}","templated":true}]}}