{"id":5583,"date":"2024-05-29T12:01:30","date_gmt":"2024-05-29T10:01:30","guid":{"rendered":"https:\/\/serbenidorm.daliisolutions.com\/index.php\/2024\/05\/29\/condenan-a-un-vecino-de-polop-a-pagar-4-600e-a-un-guardia-civil-tras-agredirlo\/"},"modified":"2024-05-29T12:01:30","modified_gmt":"2024-05-29T10:01:30","slug":"condenan-a-un-vecino-de-polop-a-pagar-4-600e-a-un-guardia-civil-tras-agredirlo","status":"publish","type":"post","link":"https:\/\/serbenidorm.daliisolutions.com\/index.php\/2024\/05\/29\/condenan-a-un-vecino-de-polop-a-pagar-4-600e-a-un-guardia-civil-tras-agredirlo\/","title":{"rendered":"Condenan a un vecino de Polop a pagar 4.600\u20ac a un guardia civil tras agredirlo"},"content":{"rendered":"  <p>El juzgado de Primera Instancia e Instrucci\u00f3n n\u00famero 4 de Torrevieja ha condenado a un hombre a indemnizar con 4.600 euros a un agente de la Guardia Civil al que agredi\u00f3 durante una intervenci\u00f3n por un supuesto caso de violencia de g\u00e9nero.<\/p>   <p><a href=\"https:\/\/cadenaser.com\/tag\/polop\/a\/\" target=\"_blank\" rel=\"noopener\">Los hechos ocurrieron en junio de 2023 sobre las 21 horas de la noche en Polop cuando agentes de la Polic\u00eda Local del municipio y de la Guardia Civil acudieron a un aviso por un supuesto delito de violencia de g\u00e9nero en un domicilio<\/a>, seg\u00fan la sentencia facilitada por la Asociaci\u00f3n Unificada de Guardias Civiles en Alicante (AUGC), que ejerci\u00f3 la acusaci\u00f3n particular en el caso.<\/p>   <p>El var\u00f3n condenado evit\u00f3 que los agentes se entrevistasen con la presunta v\u00edctima, se neg\u00f3 a identificarse, mostr\u00f3 sus genitales, falt\u00f3 al respeto a los efectivos y forceje\u00f3 y se abalanz\u00f3 contra un agente de la Guardia Civil cuando intent\u00f3 entrevistarse con la v\u00edctima.<\/p>   <p>El agresor ara\u00f1\u00f3 al agente en el cuello, la frente y la oreja, y le introdujo un dedo en el ojo, actuando \u00abcon idea de menoscabar la integridad f\u00edsica ajena y el principio de autoridad\u00bb. Como consecuencia de estos hechos, el agente sufri\u00f3 dolor en dos dedos de la mano izquierda, erosiones en la cara anterior del cuello, posterior de la oreja y en el antebrazo y signos de rotura completa del pulgar izquierdo.<\/p>  <p><p>M\u00e1s informaci\u00f3n<\/p><figure><img loading=\"lazy\" decoding=\"async\" src=\"https:\/\/cadenaser.com\/resizer\/v2\/BC7ZRZK62JAOBA2AYG6PGSU5IM.jpg?auth=7dcccdf8c68cc53956e793f50c420bb1db822a90d8e224ac3f46a642e02a0aad&amp;quality=70&amp;width=360&amp;height=202&amp;smart=true\" width=\"820\" height=\"621\" \/><\/figure><ul><li><a href=\"https:\/\/cadenaser.com\/comunitat-valenciana\/2024\/05\/27\/un-detenido-tras-el-registro-en-benidorm-de-dos-clubes-cannabicos-sin-licencia-radio-benidorm\/\"><span>Un detenido tras el registro en Benidorm de dos clubes cann\u00e1bicos sin licencia<\/span><\/a><\/li><\/ul><\/p>   <p>Para su curaci\u00f3n, el agente requiri\u00f3 de tratamiento m\u00e9dico consistente en reposo, tratamiento farmacol\u00f3gico, ortop\u00e9dico y rehabilitaci\u00f3n durante 50 d\u00edas, 15 de los cuales fueron impeditivos para sus acciones habituales, as\u00ed como secuelas de movilidad en una de sus manos.<\/p>   <p>     .c-w{         max-width:444px;         width:100%;         margin:16px auto;      background:#00755E;         border-radius:4px;         display:flex;         align-items:center;         justify-content:center;     }     .c-w a{         display:flex;         align-items:center;         justify-content:center;         padding:4px 24px;     }     .c-w img{         width:24px;         margin-right:12px;     }     .c-w p{         font:18px\/25px Poppins;         text-align:center;         color:#fff;         margin:0;     }     @media (max-width:444px){         .c-w a{             padding:4px 12px;         }         .c-w img{             width:24px;             margin-right:8px;         }         .c-w p{             font:14px\/25px Poppins;         }     }     @media (max-width:335px){         .c-w p{             font:13px\/25px Poppins;         }     }  <div class=\"c-w\">     <a href=\"https:\/\/www.whatsapp.com\/channel\/0029Va633PF9WtC4l7XUzh1e\" target=\"_blank\" rel=\"noopener\">         <img decoding=\"async\" src=\"https:\/\/cadenaser.com\/estaticos\/recursosgraficos\/responsive\/img\/ico-whatsapp.svg\" alt=\"Whatsapp\">         <p>\u00danete al <b>canal de WhatsApp<\/b> de la SER<\/p>     <\/a> <\/div><\/p>   <p>Por estos hechos, la magistrada condena al agresor por un delito contra el orden p\u00fablico, atentado a la pena de cuatro meses de prisi\u00f3n &#8211;que han sido suspendidos mientras no delinca de nuevo&#8211; y de inhabilitaci\u00f3n para el ejercicio del sufragio pasivo durante el tiempo de la condena, as\u00ed como por un delito de lesiones.<\/p>   <p>El condenado debe indemnizar al agente agredido en concepto de responsabilidad civil subsidiaria con la cantidad de 4.600 euros, adem\u00e1s del pago de las costas procesales.<\/p> ","protected":false},"excerpt":{"rendered":"<p>El hombre evit\u00f3 que los agentes se entrevistasen con una presunta v\u00edctima de violencia de g\u00e9nero y mostr\u00f3 sus genitales<\/p>\n","protected":false},"author":0,"featured_media":5584,"comment_status":"open","ping_status":"open","sticky":false,"template":"","format":"standard","meta":{"_acf_changed":false,"footnotes":""},"categories":[1],"tags":[],"class_list":["post-5583","post","type-post","status-publish","format-standard","has-post-thumbnail","hentry","category-sin-categoria"],"acf":{"ser_id":"QHDBWX4XOFCLTIOQMQK67NAEMM","ser_url":"https:\/\/cadenaser.com\/comunitat-valenciana\/2024\/05\/29\/condenan-a-un-vecino-de-polop-a-pagar-4600-a-un-guardia-civil-tras-agredirlo-en-una-actuacion-radio-benidorm\/"},"_links":{"self":[{"href":"https:\/\/serbenidorm.daliisolutions.com\/index.php\/wp-json\/wp\/v2\/posts\/5583","targetHints":{"allow":["GET"]}}],"collection":[{"href":"https:\/\/serbenidorm.daliisolutions.com\/index.php\/wp-json\/wp\/v2\/posts"}],"about":[{"href":"https:\/\/serbenidorm.daliisolutions.com\/index.php\/wp-json\/wp\/v2\/types\/post"}],"replies":[{"embeddable":true,"href":"https:\/\/serbenidorm.daliisolutions.com\/index.php\/wp-json\/wp\/v2\/comments?post=5583"}],"version-history":[{"count":0,"href":"https:\/\/serbenidorm.daliisolutions.com\/index.php\/wp-json\/wp\/v2\/posts\/5583\/revisions"}],"wp:featuredmedia":[{"embeddable":true,"href":"https:\/\/serbenidorm.daliisolutions.com\/index.php\/wp-json\/wp\/v2\/media\/5584"}],"wp:attachment":[{"href":"https:\/\/serbenidorm.daliisolutions.com\/index.php\/wp-json\/wp\/v2\/media?parent=5583"}],"wp:term":[{"taxonomy":"category","embeddable":true,"href":"https:\/\/serbenidorm.daliisolutions.com\/index.php\/wp-json\/wp\/v2\/categories?post=5583"},{"taxonomy":"post_tag","embeddable":true,"href":"https:\/\/serbenidorm.daliisolutions.com\/index.php\/wp-json\/wp\/v2\/tags?post=5583"}],"curies":[{"name":"wp","href":"https:\/\/api.w.org\/{rel}","templated":true}]}}