{"id":5594,"date":"2024-05-29T17:01:24","date_gmt":"2024-05-29T15:01:24","guid":{"rendered":"https:\/\/serbenidorm.daliisolutions.com\/index.php\/2024\/05\/29\/el-psoe-de-benidorm-acusa-a-mazon-de-abandona-en-un-cajon-la-promesa-del-centro-de-salud-de-els-tolls\/"},"modified":"2024-05-29T17:01:24","modified_gmt":"2024-05-29T15:01:24","slug":"el-psoe-de-benidorm-acusa-a-mazon-de-abandona-en-un-cajon-la-promesa-del-centro-de-salud-de-els-tolls","status":"publish","type":"post","link":"https:\/\/serbenidorm.daliisolutions.com\/index.php\/2024\/05\/29\/el-psoe-de-benidorm-acusa-a-mazon-de-abandona-en-un-cajon-la-promesa-del-centro-de-salud-de-els-tolls\/","title":{"rendered":"El PSOE de Benidorm acusa a Maz\u00f3n de \u00ababandona en un caj\u00f3n la promesa\u00bb del centro de salud de Els Tolls"},"content":{"rendered":"  <p>Los vecinos de Els Tolls llevan d\u00e9cadas oyendo hablar del proyecto de un centro de salud en su barrio, pero este nunca se ha llegado a materializar a pesar de que el Ayuntamiento de Benidorm cedi\u00f3 a la Generalitat Valenciana en 2001 un solar de 3.650 metros cuadrados, <a href=\"https:\/\/cadenaser.com\/tag\/comarca_la_marina_baixa\/a\/\" target=\"_blank\" rel=\"noopener\">ubicado en la calle Italia<\/a>, para su construcci\u00f3n.<\/p>   <p>Una pregunta parlamentaria realizada en Les Corts por parte de los diputados socialistas Rafael Sim\u00f3, Mario Villar y Mayte Garc\u00eda ha servido para que el PSPV-PSOE de Benidorm acuse ahora a la Conselleria de Sanitat de \u201cabandonar en un caj\u00f3n\u201d este nuevo servicio para la capital tur\u00edstica.<\/p>  <p><p>M\u00e1s informaci\u00f3n<\/p><figure><img loading=\"lazy\" decoding=\"async\" src=\"https:\/\/cadenaser.com\/resizer\/v2\/LWJ3E5LDEJGAZPVQ4TM2ERH3HY.jpeg?auth=e14b2acb1ee74b23762babe06af52bccf6abf436936e217994d4dcb4b8abb1a4&amp;quality=70&amp;width=360&amp;height=202&amp;smart=true\" width=\"820\" height=\"621\" \/><\/figure><ul><li><a href=\"https:\/\/cadenaser.com\/comunitat-valenciana\/2024\/05\/28\/los-autobuses-escolares-de-benidorm-a-examen-radio-benidorm\/\"><span>Los autobuses escolares de Benidorm, a examen<\/span><\/a><\/li><\/ul><\/p>   <p>En concreto, la misiva dirigida al conseller del \u00e1rea por parte de los socialistas valencianos requer\u00eda al miembro del Consell aclarar \u201cqu\u00e9 tr\u00e1mites administrativos ha realizado el conseller, desde que tom\u00f3 posesi\u00f3n del cargo, en relaci\u00f3n al centro de salud de Els Tolls\u201d.<\/p>   <p>Por respuesta, <a href=\"https:\/\/cadenaser.com\/tag\/benidorm\/a\/\" target=\"_blank\" rel=\"noopener\">desde Sanitat se ha reconocido que \u201cla Conselleria tiene cedida una parcela por parte del Ayuntamiento para la construcci\u00f3n\u201d de esa infraestructura sanitaria, aunque no pone fecha a la misma y se limita a afirmar que ese proceso se iniciar\u00e1 \u201ccuando la planificaci\u00f3n as\u00ed lo aconseje\u201d<\/a>.<\/p>   <p>Por su parte, la portavoz socialista en Benidorm, Cristina Escoda, ha recordado que la creaci\u00f3n de ese centro de salud fue \u201cuna de las grandes promesas del Partido Popular en las pasadas elecciones municipales y auton\u00f3micas de 2023\u201d, de cuya celebraci\u00f3n se cumpli\u00f3 un a\u00f1o este martes.<\/p>   <p>     .c-w{         max-width:444px;         width:100%;         margin:16px auto;      background:#00755E;         border-radius:4px;         display:flex;         align-items:center;         justify-content:center;     }     .c-w a{         display:flex;         align-items:center;         justify-content:center;         padding:4px 24px;     }     .c-w img{         width:24px;         margin-right:12px;     }     .c-w p{         font:18px\/25px Poppins;         text-align:center;         color:#fff;         margin:0;     }     @media (max-width:444px){         .c-w a{             padding:4px 12px;         }         .c-w img{             width:24px;             margin-right:8px;         }         .c-w p{             font:14px\/25px Poppins;         }     }     @media (max-width:335px){         .c-w p{             font:13px\/25px Poppins;         }     }  <div class=\"c-w\">     <a href=\"https:\/\/www.whatsapp.com\/channel\/0029Va633PF9WtC4l7XUzh1e\" target=\"_blank\" rel=\"noopener\">         <img decoding=\"async\" src=\"https:\/\/cadenaser.com\/estaticos\/recursosgraficos\/responsive\/img\/ico-whatsapp.svg\" alt=\"Whatsapp\">         <p>\u00danete al <b>canal de WhatsApp<\/b> de la SER<\/p>     <\/a> <\/div><\/p>   <p>Escoda ha criticado que ese proyecto \u201csigue abandonado en un caj\u00f3n\u201d o, al menos, \u201cas\u00ed se desprende de la respuesta del conseller, Marciano G\u00f3mez, a la pregunta realizada por el Grupo Parlamentario Socialista\u201d en Les Corts.<\/p>   <p>Todo ello ha servido a la portavoz socialista a calificar la situaci\u00f3n de \u201cnuevo enga\u00f1o del PP\u201d que, adem\u00e1s, subraya que \u201cresucit\u00f3 el proyecto en campa\u00f1a para crear esta infraestructura sanitaria que la propia Conselleria de Sanitat, gobernada entonces tambi\u00e9n por el PP, decidiera desprogramar en 2013 al no considerarla una obra prioritaria\u201d.<\/p>  <p><p class=\"tit\"><span>Hora 14 Benidorm (29\/05\/2024)<\/span><\/p> <p class=\"emb\"><iframe loading=\"lazy\" src=\"https:\/\/cadenaser.com\/embed\/audio\/460\/cadenaser_benidorm_hora14benidorm_20240529_141700_143000\/\" width=\"100%\" height=\"360\" frameborder=\"0\" allowfullscreen><\/iframe><\/p><\/p>   <p>As\u00ed, Escoda ha a\u00f1adido que \u201chace m\u00e1s de un a\u00f1o vinieron a hacerse la foto, anunciaron que era una prioridad para Maz\u00f3n y que la iniciativa se iba a incluir en el programa electoral del PPCV, y al final, todo humo como ya nos tienen acostumbrados\u201d.<\/p>   <p>Escoda ha recordado que el consultorio \u201cdurante una d\u00e9cada apareci\u00f3 y desapareci\u00f3 de los presupuestos del Consell bajo gobiernos del PP, releg\u00e1ndolo hasta al vag\u00f3n de cola de sus prioridades para finalmente abandonarlo\u201d.<\/p>   <p>Seg\u00fan Escoda, desde el PP \u201chan estado durante d\u00e9cadas utilizando de manera partidista este proyecto y generando falsas expectativas entre los vecinos del barrio. Lamentablemente otra vez estamos viviendo la misma situaci\u00f3n\u201d.<\/p>   <p>Por \u00faltimo, la dirigente socialista ha emplazado al alcalde, Toni P\u00e9rez, a que \u201cse siente con su jefe y presidente de la Generalitat, Carlos Maz\u00f3n, para exigirle que el centro de salud de Els Tolls sea una prioridad y se incluya como un proyecto preferente\u201d.<\/p>   <p>\u00bfCu\u00e1ndo estar\u00e1 listo el nuevo consultorio del Rinc\u00f3n de Loix?<\/p>   <p>M\u00e1s all\u00e1 del todav\u00eda no resuelto futuro del centro de salud del barrio de Els Tolls, desde la Conselleria se ha asegurado que \u201cse est\u00e1 trabajando para tener disponible\u201d la infraestructura que desde hace meses se construye en el Rinc\u00f3n de Loix \u201clo m\u00e1s pronto posible\u201d.<\/p>   <p>En ese sentido, desde el \u00e1rea dirigida por G\u00f3mez, se ha afirmado que \u201ca d\u00eda de hoy se sigue manteniendo el plazo de ejecuci\u00f3n previsto de 23 meses\u201d por lo que \u201cen el momento en el que se finalice la obra y se firme el acta de recepci\u00f3n, previsto para el d\u00eda 12 de noviembre, el Departamento de Salud estar\u00e1 en disposici\u00f3n de iniciar la ocupaci\u00f3n del inmueble y poner en marcha el centro\u201d.<\/p> ","protected":false},"excerpt":{"rendered":"<p>El Ayuntamiento cedi\u00f3 en 2001 los terrenos en los que Sanitat construir\u00e1 \u00abcuando la planificaci\u00f3n as\u00ed lo aconseje\u00bb<\/p>\n","protected":false},"author":0,"featured_media":5595,"comment_status":"open","ping_status":"open","sticky":false,"template":"","format":"standard","meta":{"_acf_changed":false,"footnotes":""},"categories":[1],"tags":[],"class_list":["post-5594","post","type-post","status-publish","format-standard","has-post-thumbnail","hentry","category-sin-categoria"],"acf":{"ser_id":"RSIKCB5VQ5EJNG4MENGFWGNVEI","ser_url":"https:\/\/cadenaser.com\/comunitat-valenciana\/2024\/05\/29\/el-psoe-de-benidorm-acusa-a-mazon-de-abandona-en-un-cajon-la-promesa-del-centro-de-salud-de-els-tolls-radio-benidorm\/"},"_links":{"self":[{"href":"https:\/\/serbenidorm.daliisolutions.com\/index.php\/wp-json\/wp\/v2\/posts\/5594","targetHints":{"allow":["GET"]}}],"collection":[{"href":"https:\/\/serbenidorm.daliisolutions.com\/index.php\/wp-json\/wp\/v2\/posts"}],"about":[{"href":"https:\/\/serbenidorm.daliisolutions.com\/index.php\/wp-json\/wp\/v2\/types\/post"}],"replies":[{"embeddable":true,"href":"https:\/\/serbenidorm.daliisolutions.com\/index.php\/wp-json\/wp\/v2\/comments?post=5594"}],"version-history":[{"count":0,"href":"https:\/\/serbenidorm.daliisolutions.com\/index.php\/wp-json\/wp\/v2\/posts\/5594\/revisions"}],"wp:featuredmedia":[{"embeddable":true,"href":"https:\/\/serbenidorm.daliisolutions.com\/index.php\/wp-json\/wp\/v2\/media\/5595"}],"wp:attachment":[{"href":"https:\/\/serbenidorm.daliisolutions.com\/index.php\/wp-json\/wp\/v2\/media?parent=5594"}],"wp:term":[{"taxonomy":"category","embeddable":true,"href":"https:\/\/serbenidorm.daliisolutions.com\/index.php\/wp-json\/wp\/v2\/categories?post=5594"},{"taxonomy":"post_tag","embeddable":true,"href":"https:\/\/serbenidorm.daliisolutions.com\/index.php\/wp-json\/wp\/v2\/tags?post=5594"}],"curies":[{"name":"wp","href":"https:\/\/api.w.org\/{rel}","templated":true}]}}