{"id":5596,"date":"2024-05-29T17:01:25","date_gmt":"2024-05-29T15:01:25","guid":{"rendered":"https:\/\/serbenidorm.daliisolutions.com\/index.php\/2024\/05\/29\/piden-dos-anos-y-medio-de-carcel-a-un-empresario-por-robar-210-bicicletas-al-ayuntamiento-de-altea\/"},"modified":"2024-05-29T17:01:25","modified_gmt":"2024-05-29T15:01:25","slug":"piden-dos-anos-y-medio-de-carcel-a-un-empresario-por-robar-210-bicicletas-al-ayuntamiento-de-altea","status":"publish","type":"post","link":"https:\/\/serbenidorm.daliisolutions.com\/index.php\/2024\/05\/29\/piden-dos-anos-y-medio-de-carcel-a-un-empresario-por-robar-210-bicicletas-al-ayuntamiento-de-altea\/","title":{"rendered":"Piden dos a\u00f1os y medio de c\u00e1rcel a un empresario por robar 210 bicicletas al Ayuntamiento de Altea"},"content":{"rendered":"  <p>Este jueves est\u00e1 previsto que empiece en la Audiencia Provincial de Alicante el juicio al responsable de la empresa concesionaria del sistema municipal de pr\u00e9stamo de bicicletas de Altea por un delito de apropiaci\u00f3n indebida, seg\u00fan ha informado el <a href=\"https:\/\/cadenaser.com\/tag\/tsjv_tribunal_superior_justicia_valencia\/a\/\" target=\"_blank\" rel=\"noopener\">Tribunal Superior de Justicia de la Comunitat Valenciana (TSJCV)<\/a>.<\/p>   <p>Est\u00e1 acusado de quedarse con 210 veh\u00edculos que deb\u00eda devolver cuando finalizara la concesi\u00f3n y la fiscal\u00eda pide para \u00e9l dos a\u00f1os y medio de prisi\u00f3n. <a href=\"https:\/\/cadenaser.com\/tag\/altea\/a\/\" target=\"_blank\" rel=\"noopener\">El Ministerio P\u00fablico sostiene que el consistorio le encarg\u00f3 el servicio en agosto de 2018 y cuando decidi\u00f3 revocarlo en abril de 2019 no recibi\u00f3 las bicicletas que el procesado se habr\u00eda quedado y destinado a otros fines<\/a>.<\/p>   <p>Otro juicio por abuso sexual en un trayecto en coche Alicante &#8211; Benidorm<\/p>   <p>El mismo d\u00eda est\u00e1 prevista la celebraci\u00f3n de otra sesi\u00f3n en el mismo tribunal y en la que se juzga a un hombre acusado de un delito de abuso sexual en un coche entre Alicante y Benidorm.<\/p>  <p><p>M\u00e1s informaci\u00f3n<\/p><figure><img loading=\"lazy\" decoding=\"async\" src=\"https:\/\/cadenaser.com\/resizer\/v2\/5F7SI2ITNZDNTO33MW5WHTH4FU.jpg?auth=d2221397d0d9388566f1346928b717dcf1913bef286757898234a714c00ac126&amp;quality=70&amp;width=360&amp;height=202&amp;smart=true\" width=\"820\" height=\"621\" \/><\/figure><ul><li><a href=\"https:\/\/cadenaser.com\/comunitat-valenciana\/2024\/05\/29\/condenan-a-un-vecino-de-polop-a-pagar-4600-a-un-guardia-civil-tras-agredirlo-en-una-actuacion-radio-benidorm\/\"><span>Condenan a un vecino de Polop a pagar 4.600\u20ac a un guardia civil tras agredirlo y ense\u00f1arle los genitales<\/span><\/a><\/li><\/ul><\/p>   <p>Los hechos ocurrieron hace dos a\u00f1os cuando procesado y v\u00edctima hac\u00edan ese trayecto en el asiento trasero de un veh\u00edculo junto a dos amigos m\u00e1s que ocupaban los asientos de delante.<\/p>   <p>Seg\u00fan mantiene la Fiscal\u00eda, el acusado aprovech\u00f3 para mantener relaciones sexuales con la mujer, que hab\u00eda consumido alcohol y se encontraba inconsciente. La acusaci\u00f3n p\u00fablica pide para \u00e9l una pena de prisi\u00f3n de cuatro a\u00f1os.<\/p>   <p>     .c-w{         max-width:444px;         width:100%;         margin:16px auto;      background:#00755E;         border-radius:4px;         display:flex;         align-items:center;         justify-content:center;     }     .c-w a{         display:flex;         align-items:center;         justify-content:center;         padding:4px 24px;     }     .c-w img{         width:24px;         margin-right:12px;     }     .c-w p{         font:18px\/25px Poppins;         text-align:center;         color:#fff;         margin:0;     }     @media (max-width:444px){         .c-w a{             padding:4px 12px;         }         .c-w img{             width:24px;             margin-right:8px;         }         .c-w p{             font:14px\/25px Poppins;         }     }     @media (max-width:335px){         .c-w p{             font:13px\/25px Poppins;         }     }  <div class=\"c-w\">     <a href=\"https:\/\/www.whatsapp.com\/channel\/0029Va633PF9WtC4l7XUzh1e\" target=\"_blank\" rel=\"noopener\">         <img decoding=\"async\" src=\"https:\/\/cadenaser.com\/estaticos\/recursosgraficos\/responsive\/img\/ico-whatsapp.svg\" alt=\"Whatsapp\">         <p>\u00danete al <b>canal de WhatsApp<\/b> de la SER<\/p>     <\/a> <\/div><\/p> ","protected":false},"excerpt":{"rendered":"<p>Tras acabar el contrato de concesi\u00f3n del servicio p\u00fablico<\/p>\n","protected":false},"author":0,"featured_media":5597,"comment_status":"open","ping_status":"open","sticky":false,"template":"","format":"standard","meta":{"_acf_changed":false,"footnotes":""},"categories":[1],"tags":[],"class_list":["post-5596","post","type-post","status-publish","format-standard","has-post-thumbnail","hentry","category-sin-categoria"],"acf":{"ser_id":"YQ6CMQFM4FFAJDTDJC5AX4BEQE","ser_url":"https:\/\/cadenaser.com\/comunitat-valenciana\/2024\/05\/29\/piden-dos-anos-y-medio-de-carcel-para-el-responsable-de-una-empresa-por-robar-210-bicicletas-al-ayuntamiento-de-altea-radio-benidorm\/"},"_links":{"self":[{"href":"https:\/\/serbenidorm.daliisolutions.com\/index.php\/wp-json\/wp\/v2\/posts\/5596","targetHints":{"allow":["GET"]}}],"collection":[{"href":"https:\/\/serbenidorm.daliisolutions.com\/index.php\/wp-json\/wp\/v2\/posts"}],"about":[{"href":"https:\/\/serbenidorm.daliisolutions.com\/index.php\/wp-json\/wp\/v2\/types\/post"}],"replies":[{"embeddable":true,"href":"https:\/\/serbenidorm.daliisolutions.com\/index.php\/wp-json\/wp\/v2\/comments?post=5596"}],"version-history":[{"count":0,"href":"https:\/\/serbenidorm.daliisolutions.com\/index.php\/wp-json\/wp\/v2\/posts\/5596\/revisions"}],"wp:featuredmedia":[{"embeddable":true,"href":"https:\/\/serbenidorm.daliisolutions.com\/index.php\/wp-json\/wp\/v2\/media\/5597"}],"wp:attachment":[{"href":"https:\/\/serbenidorm.daliisolutions.com\/index.php\/wp-json\/wp\/v2\/media?parent=5596"}],"wp:term":[{"taxonomy":"category","embeddable":true,"href":"https:\/\/serbenidorm.daliisolutions.com\/index.php\/wp-json\/wp\/v2\/categories?post=5596"},{"taxonomy":"post_tag","embeddable":true,"href":"https:\/\/serbenidorm.daliisolutions.com\/index.php\/wp-json\/wp\/v2\/tags?post=5596"}],"curies":[{"name":"wp","href":"https:\/\/api.w.org\/{rel}","templated":true}]}}