{"id":5598,"date":"2024-05-29T17:01:27","date_gmt":"2024-05-29T15:01:27","guid":{"rendered":"https:\/\/serbenidorm.daliisolutions.com\/index.php\/2024\/05\/29\/la-nucia-traslada-la-nit-del-vi-a-la-placa-de-les-nits-ante-la-avalancha-de-inscripciones\/"},"modified":"2024-05-29T17:01:27","modified_gmt":"2024-05-29T15:01:27","slug":"la-nucia-traslada-la-nit-del-vi-a-la-placa-de-les-nits-ante-la-avalancha-de-inscripciones","status":"publish","type":"post","link":"https:\/\/serbenidorm.daliisolutions.com\/index.php\/2024\/05\/29\/la-nucia-traslada-la-nit-del-vi-a-la-placa-de-les-nits-ante-la-avalancha-de-inscripciones\/","title":{"rendered":"La Nuc\u00eda traslada la Nit del Vi a la Pla\u00e7a de les Nits ante la avalancha de inscripciones"},"content":{"rendered":"  <p>El tercero de los eventos de la marca <a href=\"https:\/\/cadenaser.com\/comunitat-valenciana\/2024\/04\/17\/asi-es-la-nucia-gastronomica-eventos-rutas-y-concursos-radio-benidorm\/\" target=\"_blank\" rel=\"noopener\">La Nuc\u00eda Gastron\u00f3mica <\/a>ya est\u00e1 siendo un \u00e9xito incluso antes de celebrarse. La primera edici\u00f3n de la Nit del Vi se celebrar\u00e1 en la Pla\u00e7a de les Nits, en lugar de la Pla\u00e7a Major como estaba inicialmente previsto, ante la avalancha de inscripciones que ha recibido el Ayuntamiento.<\/p>   <p>As\u00ed lo han trasladado en Hoy por Hoy Benidorm la edil de Turismo, Mar\u00eda Jes\u00fas Jumilla, y el edil de Comercio nuciero, Crist\u00f3bal Llorens. \u00abSon muchos los comercios locales que se han interesado por montar su stand y de las dos catas gratuitas que tenemos programadas ya tenemos reservadas la mitad de las cien plazas que tienen cada una\u00bb, han asegurado.<\/p>   <p>La Nit del Vi se celebrar\u00e1 el s\u00e1bado 15 de junio en la Pla\u00e7a de Les Nits desde las 18:00 horas hasta las 02:00 horas y contar\u00e1 con la presencia de diferentes bodegas y denominaciones de origen de la provincia que ofrecer\u00e1n hasta 150 vinos distintos, gastronom\u00eda local, actuaciones musicales e hinchables para entretener a los m\u00e1s peque\u00f1os y que la velada se convierta en un evento familiar.<\/p>   <p>La entrada para este evento ser\u00e1 libre y gratuita y se deber\u00e1 adquirir la copa de \u00abLa Nuc\u00eda Gastron\u00f3mica\u201d al precio de 5 euros.<\/p>   <p>El objetivo, en palabras de los organizadores, es \u00abfusionar a los mejores productores de vino con la exquisita gastronom\u00eda local y promover principalmente la riqueza culinaria, los vinos y los productos de nuestra provincia, aunque tambi\u00e9n se destacan aquellos de otras regiones y denominaciones de Espa\u00f1a\u00bb.<\/p>   <p>     .c-w{         max-width:444px;         width:100%;         margin:16px auto;      background:#00755E;         border-radius:4px;         display:flex;         align-items:center;         justify-content:center;     }     .c-w a{         display:flex;         align-items:center;         justify-content:center;         padding:4px 24px;     }     .c-w img{         width:24px;         margin-right:12px;     }     .c-w p{         font:18px\/25px Poppins;         text-align:center;         color:#fff;         margin:0;     }     @media (max-width:444px){         .c-w a{             padding:4px 12px;         }         .c-w img{             width:24px;             margin-right:8px;         }         .c-w p{             font:14px\/25px Poppins;         }     }     @media (max-width:335px){         .c-w p{             font:13px\/25px Poppins;         }     }  <div class=\"c-w\">     <a href=\"https:\/\/www.whatsapp.com\/channel\/0029Va633PF9WtC4l7XUzh1e\" target=\"_blank\" rel=\"noopener\">         <img decoding=\"async\" src=\"https:\/\/cadenaser.com\/estaticos\/recursosgraficos\/responsive\/img\/ico-whatsapp.svg\" alt=\"Whatsapp\">         <p>\u00danete al <b>canal de WhatsApp<\/b> de la SER<\/p>     <\/a> <\/div><\/p>   <p>En este proyecto tambi\u00e9n est\u00e1n implicados AECNU (Asociaci\u00f3n de Empresarios y Comerciantes de La Nuc\u00eda) y HAMABA (Hosteleros Asociados de la Marina Baixa).<\/p> ","protected":false},"excerpt":{"rendered":"<p>Se celebrar\u00e1 el s\u00e1bado 15 de junio de seis de la tarde a dos de la ma\u00f1ana y contar\u00e1 con gastronom\u00eda local, hinchables y m\u00fasica<\/p>\n","protected":false},"author":0,"featured_media":5599,"comment_status":"open","ping_status":"open","sticky":false,"template":"","format":"standard","meta":{"_acf_changed":false,"footnotes":""},"categories":[1],"tags":[],"class_list":["post-5598","post","type-post","status-publish","format-standard","has-post-thumbnail","hentry","category-sin-categoria"],"acf":{"ser_id":"BZZFM6VUGJGTTHHB3JJZL4GB4A","ser_url":"https:\/\/cadenaser.com\/comunitat-valenciana\/2024\/05\/29\/la-nucia-traslada-la-nit-del-vi-a-la-placa-de-les-nits-ante-la-avalancha-de-inscripciones-radio-benidorm\/"},"_links":{"self":[{"href":"https:\/\/serbenidorm.daliisolutions.com\/index.php\/wp-json\/wp\/v2\/posts\/5598","targetHints":{"allow":["GET"]}}],"collection":[{"href":"https:\/\/serbenidorm.daliisolutions.com\/index.php\/wp-json\/wp\/v2\/posts"}],"about":[{"href":"https:\/\/serbenidorm.daliisolutions.com\/index.php\/wp-json\/wp\/v2\/types\/post"}],"replies":[{"embeddable":true,"href":"https:\/\/serbenidorm.daliisolutions.com\/index.php\/wp-json\/wp\/v2\/comments?post=5598"}],"version-history":[{"count":0,"href":"https:\/\/serbenidorm.daliisolutions.com\/index.php\/wp-json\/wp\/v2\/posts\/5598\/revisions"}],"wp:featuredmedia":[{"embeddable":true,"href":"https:\/\/serbenidorm.daliisolutions.com\/index.php\/wp-json\/wp\/v2\/media\/5599"}],"wp:attachment":[{"href":"https:\/\/serbenidorm.daliisolutions.com\/index.php\/wp-json\/wp\/v2\/media?parent=5598"}],"wp:term":[{"taxonomy":"category","embeddable":true,"href":"https:\/\/serbenidorm.daliisolutions.com\/index.php\/wp-json\/wp\/v2\/categories?post=5598"},{"taxonomy":"post_tag","embeddable":true,"href":"https:\/\/serbenidorm.daliisolutions.com\/index.php\/wp-json\/wp\/v2\/tags?post=5598"}],"curies":[{"name":"wp","href":"https:\/\/api.w.org\/{rel}","templated":true}]}}