{"id":5625,"date":"2024-05-30T11:40:34","date_gmt":"2024-05-30T09:40:34","guid":{"rendered":"https:\/\/serbenidorm.daliisolutions.com\/index.php\/2024\/05\/30\/anneke-de-vree-un-sueno-olimpico-en-espanol\/"},"modified":"2024-05-30T11:40:34","modified_gmt":"2024-05-30T09:40:34","slug":"anneke-de-vree-un-sueno-olimpico-en-espanol","status":"publish","type":"post","link":"https:\/\/serbenidorm.daliisolutions.com\/index.php\/2024\/05\/30\/anneke-de-vree-un-sueno-olimpico-en-espanol\/","title":{"rendered":"Anneke De Vr\u00e9e, un sue\u00f1o ol\u00edmpico en espa\u00f1ol"},"content":{"rendered":"  <p>La vida de Anneke De Vr\u00e9e ha estado marcada por distintas fechas. Una, por ejemplo, en 1984, cuando comenz\u00f3 a montar a caballo. Otra, hace s\u00f3lo catorce a\u00f1os, cuando un accidente le dej\u00f3 secuelas f\u00edsicas que, como ella explica en su conversaci\u00f3n con Nico Van Looy en SER Deportivos Marina Baixa, nunca la desanimaron para seguir montando. Y otra, la m\u00e1s reciente, su traslado desde B\u00e9lgica a Espa\u00f1a.<\/p>   <p>Desde hace cinco a\u00f1os vive en Altea y entrena en l\u2019Alf\u00e0s del Pi. Adem\u00e1s, compite junto al resto del equipo paraecuestre espa\u00f1ol y espera que sus buenos resultados ayuden al proceso de obtenci\u00f3n del pasaporte espa\u00f1ol que le pueda dar, a su vez, la oportunidad de representar a Espa\u00f1a en los Juegos Paral\u00edmpicos de Los \u00c1ngeles dentro de cuatro a\u00f1os.<\/p>   <p><p><strong>Sigue el canal de Carrusel en WhatsApp<\/strong><br \/>\u00a1Bienvenido al canal de Whatsapp de Carrusel! Toda la emoci\u00f3n del deporte, EN DIRECTO. Dirige Dani Garrido<\/p><a href=\"https:\/\/whatsapp.com\/channel\/0029Va8gTnP3rZZcN6Uzfi1x\" title=\"Suscr\u00edbete\">Suscr\u00edbete ahora<\/a><\/p> ","protected":false},"excerpt":{"rendered":"<p>La amazona belga se traslad\u00f3 hace cinco a\u00f1os a la Marina Baixa y espera conseguir el pasaporte espa\u00f1ol para poder aspirar a los Juegos Paral\u00edmpicos de Los \u00c1ngeles<\/p>\n","protected":false},"author":0,"featured_media":5626,"comment_status":"open","ping_status":"open","sticky":false,"template":"","format":"standard","meta":{"_acf_changed":false,"footnotes":""},"categories":[16],"tags":[],"class_list":["post-5625","post","type-post","status-publish","format-standard","has-post-thumbnail","hentry","category-deportes"],"acf":{"ser_id":"KUCLA3T2WFGADFKJRRA5WUXI2U","ser_url":"https:\/\/cadenaser.com\/comunitat-valenciana\/2024\/05\/30\/anneke-de-vree-un-sueno-olimpico-en-espanol-radio-benidorm\/"},"_links":{"self":[{"href":"https:\/\/serbenidorm.daliisolutions.com\/index.php\/wp-json\/wp\/v2\/posts\/5625","targetHints":{"allow":["GET"]}}],"collection":[{"href":"https:\/\/serbenidorm.daliisolutions.com\/index.php\/wp-json\/wp\/v2\/posts"}],"about":[{"href":"https:\/\/serbenidorm.daliisolutions.com\/index.php\/wp-json\/wp\/v2\/types\/post"}],"replies":[{"embeddable":true,"href":"https:\/\/serbenidorm.daliisolutions.com\/index.php\/wp-json\/wp\/v2\/comments?post=5625"}],"version-history":[{"count":0,"href":"https:\/\/serbenidorm.daliisolutions.com\/index.php\/wp-json\/wp\/v2\/posts\/5625\/revisions"}],"wp:featuredmedia":[{"embeddable":true,"href":"https:\/\/serbenidorm.daliisolutions.com\/index.php\/wp-json\/wp\/v2\/media\/5626"}],"wp:attachment":[{"href":"https:\/\/serbenidorm.daliisolutions.com\/index.php\/wp-json\/wp\/v2\/media?parent=5625"}],"wp:term":[{"taxonomy":"category","embeddable":true,"href":"https:\/\/serbenidorm.daliisolutions.com\/index.php\/wp-json\/wp\/v2\/categories?post=5625"},{"taxonomy":"post_tag","embeddable":true,"href":"https:\/\/serbenidorm.daliisolutions.com\/index.php\/wp-json\/wp\/v2\/tags?post=5625"}],"curies":[{"name":"wp","href":"https:\/\/api.w.org\/{rel}","templated":true}]}}