{"id":5632,"date":"2024-05-30T13:12:09","date_gmt":"2024-05-30T11:12:09","guid":{"rendered":"https:\/\/serbenidorm.daliisolutions.com\/index.php\/2024\/05\/30\/benidorm-luchara-por-recuperar-la-razon-tras-la-sentencia-que-le-obliga-a-pagar-330-millones-a-propietarios-de-terrenos-en-serra-gelada\/"},"modified":"2024-05-30T13:12:09","modified_gmt":"2024-05-30T11:12:09","slug":"benidorm-luchara-por-recuperar-la-razon-tras-la-sentencia-que-le-obliga-a-pagar-330-millones-a-propietarios-de-terrenos-en-serra-gelada","status":"publish","type":"post","link":"https:\/\/serbenidorm.daliisolutions.com\/index.php\/2024\/05\/30\/benidorm-luchara-por-recuperar-la-razon-tras-la-sentencia-que-le-obliga-a-pagar-330-millones-a-propietarios-de-terrenos-en-serra-gelada\/","title":{"rendered":"Benidorm luchar\u00e1 \u00abpor recuperar la raz\u00f3n\u00bb tras la sentencia que le obliga a pagar 330 millones a propietarios de terrenos en Serra Gelada"},"content":{"rendered":"  <p>Mientras la pol\u00edtica nacional contempla la votaci\u00f3n de la Ley de Amnist\u00eda en el Congreso de los Diputados, Benidorm se ha despertado este jueves con la noticia de una sentencia del Tribunal Superior de Justicia de la Comunitat Valenciana (TSJCV) que<a href=\"https:\/\/cadenaser.com\/tag\/comarca_la_marina_baixa\/a\/\" target=\"_blank\" rel=\"noopener\"> obliga al Ayuntamiento de la capital tur\u00edstica a indemnizar con 283 millones de euros m\u00e1s una cantidad de intereses que rondar\u00eda los 50 a algunos de los propietarios del suelo protegido en un sector denominado APR-7, ubicado dentro del parque natural de Serra Gelada<\/a>.<\/p>   <p>Una sentencia hist\u00f3rica, como ha reconocido el propio alcalde Toni P\u00e9rez, que ha llegado a comparar esa cantidad total que alcanzar\u00eda aproximadamente los 330 millones de euros con lo que suponen \u00abtres presupuestos municipales\u00bb. P\u00e9rez ha lamentado \u00abun rev\u00e9s jur\u00eddico\u00bb que se produce despu\u00e9s de que en primera instancia la justicia, el Tribunal Contencioso Administrativo, diese la raz\u00f3n al consistorio benidormense y declarase nulos los convenios suscritos con la familia Puchades reduciendo esa indemnizaci\u00f3n a menos de 700.000 euros \u00abque ya se abonaron\u00bb entonces.<\/p>   <p>Los servicios jur\u00eddicos y la secretar\u00eda general de la instituci\u00f3n local se encuentran en estos momentos <a href=\"https:\/\/cadenaser.com\/tag\/benidorm\/a\/\" target=\"_blank\" rel=\"noopener\">estudiando esta \u00faltima sentencia para presentar en un plazo de dos d\u00edas h\u00e1biles una solicitud de aclaraci\u00f3n de sus t\u00e9rminos<\/a>. Despu\u00e9s vendr\u00e1 la decisi\u00f3n de recurrirla o no y ante qu\u00e9 instancia, si el propio TSJCV, autor de esta \u00faltima decisi\u00f3n, o el Tribunal Supremo. Dos cuestiones que deber\u00e1n responder, seg\u00fan ha concretado el primer edil, \u00aba mediados de julio\u00bb.<\/p>   <p>\u00abUn mensaje de tranquilidad\u00bb<\/p>   <p>\u00abVamos a trabajar para seguir defendiendo el inter\u00e9s general de los benidormense y vamos a anhelar esperanzados tambi\u00e9n que todo lo que hasta ahora han sido en todos los tribunales de justicia darnos la raz\u00f3n, no es menos cierto que ahora no se nos da, vamos a recuperarla\u00bb, ha manifestado Toni P\u00e9rez, que adem\u00e1s ha insistido en los l\u00edneas, la del respeto por los procedimientos judiciales y sus tiempos, as\u00ed como en la defensa \u00abde un modelo, de un territorio\u00bb en referencia a la protecci\u00f3n del parque natural.<\/p>   <p>Preguntado por la gesti\u00f3n que de este asunto realizaron anteriores alcaldes de la ciudad, el actual ha declinado hacer ninguna valoraci\u00f3n: \u00abLos legados son para gestionarlos, no tengo nada que atribuir a los que me precedieron\u00bb, ha subrayado. Los propietarios de los terrenos que han vendido esta batalla en los tribunales acusan al Ayuntamiento de incumplir un convenio suscrito por ambas partes en 2003, cuando gobernaba el popular Vicente P\u00e9rez Devesa.<\/p>   <p>     .c-w{         max-width:444px;         width:100%;         margin:16px auto;      background:#00755E;         border-radius:4px;         display:flex;         align-items:center;         justify-content:center;     }     .c-w a{         display:flex;         align-items:center;         justify-content:center;         padding:4px 24px;     }     .c-w img{         width:24px;         margin-right:12px;     }     .c-w p{         font:18px\/25px Poppins;         text-align:center;         color:#fff;         margin:0;     }     @media (max-width:444px){         .c-w a{             padding:4px 12px;         }         .c-w img{             width:24px;             margin-right:8px;         }         .c-w p{             font:14px\/25px Poppins;         }     }     @media (max-width:335px){         .c-w p{             font:13px\/25px Poppins;         }     }  <div class=\"c-w\">     <a href=\"https:\/\/www.whatsapp.com\/channel\/0029Va633PF9WtC4l7XUzh1e\" target=\"_blank\" rel=\"noopener\">         <img decoding=\"async\" src=\"https:\/\/cadenaser.com\/estaticos\/recursosgraficos\/responsive\/img\/ico-whatsapp.svg\" alt=\"Whatsapp\">         <p>\u00danete al <b>canal de WhatsApp<\/b> de la SER<\/p>     <\/a> <\/div><\/p> ","protected":false},"excerpt":{"rendered":"<p>Los servicios jur\u00eddicos del Ayuntamiento van a solicitar una aclaraci\u00f3n de los t\u00e9rminos al TSJCV antes de estudiar el recurso<\/p>\n","protected":false},"author":0,"featured_media":5633,"comment_status":"open","ping_status":"open","sticky":false,"template":"","format":"standard","meta":{"_acf_changed":false,"footnotes":""},"categories":[1],"tags":[],"class_list":["post-5632","post","type-post","status-publish","format-standard","has-post-thumbnail","hentry","category-sin-categoria"],"acf":{"ser_id":"ARWKP7HHGRHS3I6JXAKQQ2GCJ4","ser_url":"https:\/\/cadenaser.com\/comunitat-valenciana\/2024\/05\/30\/benidorm-luchara-por-recuperar-la-razon-tras-la-sentencia-que-le-obliga-a-pagar-330-millones-a-propietarios-de-terrenos-en-serra-gelada-radio-benidorm\/"},"_links":{"self":[{"href":"https:\/\/serbenidorm.daliisolutions.com\/index.php\/wp-json\/wp\/v2\/posts\/5632","targetHints":{"allow":["GET"]}}],"collection":[{"href":"https:\/\/serbenidorm.daliisolutions.com\/index.php\/wp-json\/wp\/v2\/posts"}],"about":[{"href":"https:\/\/serbenidorm.daliisolutions.com\/index.php\/wp-json\/wp\/v2\/types\/post"}],"replies":[{"embeddable":true,"href":"https:\/\/serbenidorm.daliisolutions.com\/index.php\/wp-json\/wp\/v2\/comments?post=5632"}],"version-history":[{"count":0,"href":"https:\/\/serbenidorm.daliisolutions.com\/index.php\/wp-json\/wp\/v2\/posts\/5632\/revisions"}],"wp:featuredmedia":[{"embeddable":true,"href":"https:\/\/serbenidorm.daliisolutions.com\/index.php\/wp-json\/wp\/v2\/media\/5633"}],"wp:attachment":[{"href":"https:\/\/serbenidorm.daliisolutions.com\/index.php\/wp-json\/wp\/v2\/media?parent=5632"}],"wp:term":[{"taxonomy":"category","embeddable":true,"href":"https:\/\/serbenidorm.daliisolutions.com\/index.php\/wp-json\/wp\/v2\/categories?post=5632"},{"taxonomy":"post_tag","embeddable":true,"href":"https:\/\/serbenidorm.daliisolutions.com\/index.php\/wp-json\/wp\/v2\/tags?post=5632"}],"curies":[{"name":"wp","href":"https:\/\/api.w.org\/{rel}","templated":true}]}}