{"id":5654,"date":"2024-05-30T20:28:33","date_gmt":"2024-05-30T18:28:33","guid":{"rendered":"https:\/\/serbenidorm.daliisolutions.com\/index.php\/2024\/05\/30\/la-familia-murcia-puchades-abierta-a-negociar-con-benidorm-si-en-lugar-de-eso-se-pretende-recobrar-la-razon-el-supremo-tendra-la-ultima-palabra\/"},"modified":"2024-05-30T20:28:33","modified_gmt":"2024-05-30T18:28:33","slug":"la-familia-murcia-puchades-abierta-a-negociar-con-benidorm-si-en-lugar-de-eso-se-pretende-recobrar-la-razon-el-supremo-tendra-la-ultima-palabra","status":"publish","type":"post","link":"https:\/\/serbenidorm.daliisolutions.com\/index.php\/2024\/05\/30\/la-familia-murcia-puchades-abierta-a-negociar-con-benidorm-si-en-lugar-de-eso-se-pretende-recobrar-la-razon-el-supremo-tendra-la-ultima-palabra\/","title":{"rendered":"La familia Murcia Puchades, abierta a negociar con Benidorm: \u00abSi en lugar de eso se pretende recobrar la raz\u00f3n el Supremo tendr\u00e1 la \u00faltima palabra\u00bb"},"content":{"rendered":"  <p>Despu\u00e9s de que el Ayuntamiento de Benidorm ganase la anterior batalla judicial a la familia Murcia Puchades reduciendo la indemnizaci\u00f3n porque sus terrenos en Serra Gelada dejaran de ser urbanizables al declararse protegidos a menos de 700.000 euros, <a href=\"https:\/\/cadenaser.com\/comunitat-valenciana\/2024\/05\/30\/benidorm-luchara-por-recuperar-la-razon-tras-la-sentencia-que-le-obliga-a-pagar-330-millones-a-propietarios-de-terrenos-en-serra-gelada-radio-benidorm\/\" target=\"_blank\" rel=\"noopener\">el Tribunal Superior de Justicia de la Comunitat Valenciana (TSJCV) ha dado ahora la raz\u00f3n a los propietarios revocando esa sentencia y fijando la cantidad a pagar por el consistorio en 283 millones m\u00e1s otros cincuenta en concepto de intereses<\/a>.<\/p>   <p>\u00abM\u00e1s all\u00e1 de la cifra, que puede resultar trascendente porque lo es, hay que pensar que se logr\u00f3 un convenio urban\u00edstico en 2003 que posibilit\u00f3 que Serra Gelada estuviera libre de edificaci\u00f3n\u00bb, ha empezado defendiendo en <a href=\"https:\/\/cadenaser.com\/tag\/comarca_la_marina_baixa\/a\/\" target=\"_blank\" rel=\"noopener\">La Ventana de la Marina Baixa<\/a> Jos\u00e9 Domingo Monforte, abogado de Murcia Puchades Expansi\u00f3n SL y Urban Villajoyosa 2000 SL, las empresas de esta familia: \u00abNosotros no estamos pidiendo m\u00e1s de lo que se prometi\u00f3\u00bb.<\/p>  <p><p>M\u00e1s informaci\u00f3n<\/p><figure><img loading=\"lazy\" decoding=\"async\" src=\"https:\/\/cadenaser.com\/resizer\/v2\/7HUHBCOX6JDNBCMGBRMEOY4WX4.jpg?auth=bcbc4a8f41cac0c25ca165779a96b22e820ccf45cf87e6cdce124ec39af52d4c&amp;quality=70&amp;width=360&amp;height=202&amp;smart=true\" width=\"820\" height=\"621\" \/><\/figure><ul><li><a href=\"https:\/\/cadenaser.com\/comunitat-valenciana\/2024\/05\/30\/benidorm-luchara-por-recuperar-la-razon-tras-la-sentencia-que-le-obliga-a-pagar-330-millones-a-propietarios-de-terrenos-en-serra-gelada-radio-benidorm\/\"><span>Benidorm recurrir\u00e1 la sentencia que le obliga a pagar 330 millones a dos propietarios de terrenos en Serra Gelada<\/span><\/a><\/li><\/ul><\/p>   <p>\u00abT\u00e9cnicamente impecable, pero fundamentalmente justa\u00bb. As\u00ed ha definido Domingo esta sentencia que el Ayuntamiento ya ha anunciado que recurrir\u00e1: \u00abEst\u00e1n en su legitimo derecho, pero se han fijado unos intereses que son muy importantes\u00bb, ha recordado. El letrado tambi\u00e9n ha insistido en la voluntad negociadora de los propietarios, aunque no ha querido entrar en los t\u00e9rminos de un posible acuerdo: \u00abPuedo asegurar por la familia Murcia Puchades, que se siente muy benidormense, en que no va a haber nada que impide que se hable y se busquen soluciones\u00bb.<\/p>   <p>En busca de \u00abuna soluci\u00f3n equilibrada\u00bb<\/p>   <p>El abogado se ha mostrado convencido de que con esa voluntad por ambas partes <a href=\"https:\/\/cadenaser.com\/tag\/benidorm\/a\/\" target=\"_blank\" rel=\"noopener\">\u00abse encontrar\u00e1 el camino de la soluci\u00f3n , si es que se quiere  buscar, si en lugar de eso lo que se pretende es recobrar la raz\u00f3n y seguir ser\u00e1 el Tribunal Supremo quien tenga la \u00faltima palabra\u00bb<\/a>. \u00abLa sentencia del Tribunal Superior de Justicia no fija una cantidad aleatoria, se basa en unos par\u00e1metros\u00bb, ha explicado al tiempo que subrayaba las virtudes tanto de la conservaci\u00f3n del espacio protegido en Serra Gelada como del acuerdo al que se lleg\u00f3 hace m\u00e1s de dos d\u00e9cadas: \u00abLo que pasa que hab\u00eda que compensar con otros aprovechamientos, cosa que no se hizo\u00bb.<\/p>   <p>La familia Murcia Puchades, seg\u00fan su abogado, ha hecho todas las reclamaciones y agotado todos los plazos para resolver la cuesti\u00f3n evitando este \u00abperiplo\u00bb, de ah\u00ed que el asunto no llegase a los tribunales hasta hace cinco a\u00f1os: \u00abQue si se hubiese cumplido y se hubiesen entregado esos excedentes de aprovechamiento todo hubiese parecido bien, pero como ha pasado mucho tiempo esto llega probablemente en un momento inoportuno para el Ayuntamiento\u00bb.<\/p>   <p>     .c-w{         max-width:444px;         width:100%;         margin:16px auto;      background:#00755E;         border-radius:4px;         display:flex;         align-items:center;         justify-content:center;     }     .c-w a{         display:flex;         align-items:center;         justify-content:center;         padding:4px 24px;     }     .c-w img{         width:24px;         margin-right:12px;     }     .c-w p{         font:18px\/25px Poppins;         text-align:center;         color:#fff;         margin:0;     }     @media (max-width:444px){         .c-w a{             padding:4px 12px;         }         .c-w img{             width:24px;             margin-right:8px;         }         .c-w p{             font:14px\/25px Poppins;         }     }     @media (max-width:335px){         .c-w p{             font:13px\/25px Poppins;         }     }  <div class=\"c-w\">     <a href=\"https:\/\/www.whatsapp.com\/channel\/0029Va633PF9WtC4l7XUzh1e\" target=\"_blank\" rel=\"noopener\">         <img decoding=\"async\" src=\"https:\/\/cadenaser.com\/estaticos\/recursosgraficos\/responsive\/img\/ico-whatsapp.svg\" alt=\"Whatsapp\">         <p>\u00danete al <b>canal de WhatsApp<\/b> de la SER<\/p>     <\/a> <\/div><\/p> ","protected":false},"excerpt":{"rendered":"<p>El abogado de los propietarios de los suelos en el parque natural de Serra Gelada califica de \u00abimpecable\u00bb la sentencia que obliga al Ayuntamiento a indemnizarlos con 283 millones de euros m\u00e1s intereses<\/p>\n","protected":false},"author":0,"featured_media":5655,"comment_status":"open","ping_status":"open","sticky":false,"template":"","format":"standard","meta":{"_acf_changed":false,"footnotes":""},"categories":[1],"tags":[],"class_list":["post-5654","post","type-post","status-publish","format-standard","has-post-thumbnail","hentry","category-sin-categoria"],"acf":{"ser_id":"NOKIKWNAGRCHVHF7S7RXENRAWY","ser_url":"https:\/\/cadenaser.com\/comunitat-valenciana\/2024\/05\/30\/la-familia-murcia-puchades-abierta-a-negociar-con-benidorm-si-en-lugar-de-eso-se-pretende-recobrar-la-razon-el-supremo-tendra-la-ultima-palabra-radio-benidorm\/"},"_links":{"self":[{"href":"https:\/\/serbenidorm.daliisolutions.com\/index.php\/wp-json\/wp\/v2\/posts\/5654","targetHints":{"allow":["GET"]}}],"collection":[{"href":"https:\/\/serbenidorm.daliisolutions.com\/index.php\/wp-json\/wp\/v2\/posts"}],"about":[{"href":"https:\/\/serbenidorm.daliisolutions.com\/index.php\/wp-json\/wp\/v2\/types\/post"}],"replies":[{"embeddable":true,"href":"https:\/\/serbenidorm.daliisolutions.com\/index.php\/wp-json\/wp\/v2\/comments?post=5654"}],"version-history":[{"count":0,"href":"https:\/\/serbenidorm.daliisolutions.com\/index.php\/wp-json\/wp\/v2\/posts\/5654\/revisions"}],"wp:featuredmedia":[{"embeddable":true,"href":"https:\/\/serbenidorm.daliisolutions.com\/index.php\/wp-json\/wp\/v2\/media\/5655"}],"wp:attachment":[{"href":"https:\/\/serbenidorm.daliisolutions.com\/index.php\/wp-json\/wp\/v2\/media?parent=5654"}],"wp:term":[{"taxonomy":"category","embeddable":true,"href":"https:\/\/serbenidorm.daliisolutions.com\/index.php\/wp-json\/wp\/v2\/categories?post=5654"},{"taxonomy":"post_tag","embeddable":true,"href":"https:\/\/serbenidorm.daliisolutions.com\/index.php\/wp-json\/wp\/v2\/tags?post=5654"}],"curies":[{"name":"wp","href":"https:\/\/api.w.org\/{rel}","templated":true}]}}