{"id":5663,"date":"2024-05-31T11:04:42","date_gmt":"2024-05-31T09:04:42","guid":{"rendered":"https:\/\/serbenidorm.daliisolutions.com\/index.php\/2024\/05\/31\/uno-de-los-tiburones-mas-grandes-del-mediterraneo-visita-las-aguas-de-altea\/"},"modified":"2024-05-31T11:04:42","modified_gmt":"2024-05-31T09:04:42","slug":"uno-de-los-tiburones-mas-grandes-del-mediterraneo-visita-las-aguas-de-altea","status":"publish","type":"post","link":"https:\/\/serbenidorm.daliisolutions.com\/index.php\/2024\/05\/31\/uno-de-los-tiburones-mas-grandes-del-mediterraneo-visita-las-aguas-de-altea\/","title":{"rendered":"Uno de los tiburones m\u00e1s grandes del Mediterr\u00e1neo visita las aguas de Altea"},"content":{"rendered":"  <p>Una hembra de ca\u00f1abota de 4,61 metros de longitud, uno de los tiburones m\u00e1s grandes del Mediterr\u00e1neo, ha aparecido flotando en el mar de Altea (Alicante), seg\u00fan ha informado en un comunicado Espai Simbiosi. El tibur\u00f3n ha sido registrado esta semana por parte de la Red de Varamientos de la Comunitat Valenciana tras ser hallado por parte de una empresa n\u00e1utica local.<\/p>   <p>Seg\u00fan han apuntado las mismas fuentes, la \u00abeficaz\u00bb coordinaci\u00f3n entre la Polic\u00eda Local, el Ayuntamiento, el puerto de Altea y el Seprona fue <a href=\"https:\/\/cadenaser.com\/tag\/altea\/a\/\" target=\"_blank\" rel=\"noopener\">\u00abcrucial\u00bb para remolcar al animal hasta el puerto y proceder a su estudio<\/a>.<\/p>   <p>El equipo de la Universitat de Val\u00e8ncia (UV) acudi\u00f3 para tomar medidas, as\u00ed como muestras de piel, par\u00e1sitos y dientes del ejemplar. Estos datos son fundamentales para mejorar el conocimiento sobre esta especie tan desconocida y habitante de las profundidades marinas, han apuntado.<\/p>   <p>Unos d\u00edas antes, el Servicio Mar\u00edtimo de la Guardia Civil y el Seprona encontraron otro ejemplar muerto de ca\u00f1abota en la costa de Alicante, que tambi\u00e9n fue remolcado a puerto para su an\u00e1lisis.<\/p>   <p>La ca\u00f1abota al detalle<\/p>   <p>La ca\u00f1abota (Hexanchus griseus) es el tibur\u00f3n m\u00e1s grande que habita en el fondo marino del Mediterr\u00e1neo, pudiendo llegar a profundidades de casi 2.000 metros.<\/p>   <p>     .c-w{         max-width:444px;         width:100%;         margin:16px auto;      background:#00755E;         border-radius:4px;         display:flex;         align-items:center;         justify-content:center;     }     .c-w a{         display:flex;         align-items:center;         justify-content:center;         padding:4px 24px;     }     .c-w img{         width:24px;         margin-right:12px;     }     .c-w p{         font:18px\/25px Poppins;         text-align:center;         color:#fff;         margin:0;     }     @media (max-width:444px){         .c-w a{             padding:4px 12px;         }         .c-w img{             width:24px;             margin-right:8px;         }         .c-w p{             font:14px\/25px Poppins;         }     }     @media (max-width:335px){         .c-w p{             font:13px\/25px Poppins;         }     }  <div class=\"c-w\">     <a href=\"https:\/\/www.whatsapp.com\/channel\/0029Va633PF9WtC4l7XUzh1e\" target=\"_blank\" rel=\"noopener\">         <img decoding=\"async\" src=\"https:\/\/cadenaser.com\/estaticos\/recursosgraficos\/responsive\/img\/ico-whatsapp.svg\" alt=\"Whatsapp\">         <p>\u00danete al <b>canal de WhatsApp<\/b> de la SER<\/p>     <\/a> <\/div><\/p>  <p><p>M\u00e1s informaci\u00f3n<\/p><figure><img loading=\"lazy\" decoding=\"async\" src=\"https:\/\/cadenaser.com\/resizer\/v2\/DWIC2FFQIFEJVOZ45MJDNWP7AQ.JPG?auth=6fa0283538ace18cfb3bf941cc3c2fbcbcb18c4d09fc64d3f20d9f6570e3bbe6&amp;quality=70&amp;width=360&amp;height=202&amp;smart=true\" width=\"820\" height=\"621\" \/><\/figure><ul><li><a href=\"https:\/\/cadenaser.com\/comunitat-valenciana\/2024\/05\/07\/estas-son-las-11-playas-de-la-marina-baixa-con-bandera-azul-este-2024-benidorm-recupera-dos-y-la-vila-joiosa-se-lleva-la-palma-radio-benidorm\/\"><span>Estas son las 11 playas de la Marina Baixa con Bandera Azul este verano<\/span><\/a><\/li><\/ul><\/p>   <p>Este tibur\u00f3n carro\u00f1ero, que se alimenta exclusivamente de animales muertos, es el \u00fanico representante de los tiburones con seis hendiduras branquiales en el Mediterr\u00e1neo. Cualquier avistamiento de un animal de este tipo es de gran importancia.<\/p>   <p>Dado que la ca\u00f1abota habita en los fondos marinos, los datos obtenidos son esenciales para comprender mejor las especies de las profundidades. Si alguien encuentra un animal marino varado, puede llamar al 112 para activar el operativo de rescate.<\/p>   <p>La informaci\u00f3n recopilada por los investigadores del proyecto Varacomval es \u00abvital\u00bb para estudiar la vida en el mar Mediterr\u00e1neo y mejorar su gesti\u00f3n y protecci\u00f3n. Este proyecto, una iniciativa de la unidad de Zoolog\u00eda Marina de la UV, cuenta con el apoyo de la Fundaci\u00f3n Biodiversidad del Ministerio para la Transici\u00f3n Ecol\u00f3gica y el Reto Demogr\u00e1fico, en el marco del Plan de Recuperaci\u00f3n, Transformaci\u00f3n y Resiliencia NextGenerationEU.<\/p> ","protected":false},"excerpt":{"rendered":"<p>Es una de las especies m\u00e1s desconocidas en este mar y puede llegar a profundidades de hasta 2.000 metros<\/p>\n","protected":false},"author":0,"featured_media":5664,"comment_status":"open","ping_status":"open","sticky":false,"template":"","format":"standard","meta":{"_acf_changed":false,"footnotes":""},"categories":[1],"tags":[],"class_list":["post-5663","post","type-post","status-publish","format-standard","has-post-thumbnail","hentry","category-sin-categoria"],"acf":{"ser_id":"4UJYCWP2OFCSDK54RCYP2N7MEA","ser_url":"https:\/\/cadenaser.com\/comunitat-valenciana\/2024\/05\/31\/uno-de-los-tiburones-mas-grandes-del-mediterraneo-visita-las-aguas-de-altea-radio-benidorm\/"},"_links":{"self":[{"href":"https:\/\/serbenidorm.daliisolutions.com\/index.php\/wp-json\/wp\/v2\/posts\/5663","targetHints":{"allow":["GET"]}}],"collection":[{"href":"https:\/\/serbenidorm.daliisolutions.com\/index.php\/wp-json\/wp\/v2\/posts"}],"about":[{"href":"https:\/\/serbenidorm.daliisolutions.com\/index.php\/wp-json\/wp\/v2\/types\/post"}],"replies":[{"embeddable":true,"href":"https:\/\/serbenidorm.daliisolutions.com\/index.php\/wp-json\/wp\/v2\/comments?post=5663"}],"version-history":[{"count":0,"href":"https:\/\/serbenidorm.daliisolutions.com\/index.php\/wp-json\/wp\/v2\/posts\/5663\/revisions"}],"wp:featuredmedia":[{"embeddable":true,"href":"https:\/\/serbenidorm.daliisolutions.com\/index.php\/wp-json\/wp\/v2\/media\/5664"}],"wp:attachment":[{"href":"https:\/\/serbenidorm.daliisolutions.com\/index.php\/wp-json\/wp\/v2\/media?parent=5663"}],"wp:term":[{"taxonomy":"category","embeddable":true,"href":"https:\/\/serbenidorm.daliisolutions.com\/index.php\/wp-json\/wp\/v2\/categories?post=5663"},{"taxonomy":"post_tag","embeddable":true,"href":"https:\/\/serbenidorm.daliisolutions.com\/index.php\/wp-json\/wp\/v2\/tags?post=5663"}],"curies":[{"name":"wp","href":"https:\/\/api.w.org\/{rel}","templated":true}]}}