{"id":5665,"date":"2024-05-31T11:21:25","date_gmt":"2024-05-31T09:21:25","guid":{"rendered":"https:\/\/serbenidorm.daliisolutions.com\/index.php\/2024\/05\/31\/mas-de-150-kilometros-y-seis-puertos-de-montana-hace-que-la-aitana-tour-no-sea-una-marcha-sino-la-marcha\/"},"modified":"2024-05-31T11:21:25","modified_gmt":"2024-05-31T09:21:25","slug":"mas-de-150-kilometros-y-seis-puertos-de-montana-hace-que-la-aitana-tour-no-sea-una-marcha-sino-la-marcha","status":"publish","type":"post","link":"https:\/\/serbenidorm.daliisolutions.com\/index.php\/2024\/05\/31\/mas-de-150-kilometros-y-seis-puertos-de-montana-hace-que-la-aitana-tour-no-sea-una-marcha-sino-la-marcha\/","title":{"rendered":"M\u00e1s de 150 kil\u00f3metros y seis puertos de monta\u00f1a hace que la Aitana Tour no sea una marcha, sino \u2018La Marcha\u2019"},"content":{"rendered":"  <p>La Aitana Tour llega este domingo a su tercera edici\u00f3n con una muy atractiva propuesta para los aficionados al ciclismo y, sobre todo, al cicloturismo de la Marina Baixa. Recorriendo el interior de la provincia de Alicante, los organizadores han preparado un recorrido de 155 kil\u00f3metros salpicados con las dificultades monta\u00f1osas de los puertos de Confrides, Tudons, Fageca, Petracos, Vall d\u2019Ebo y Coll de Rates que confieren a esta marcha un clar\u00edsimo sabor a \u2018La Vuelta\u2019, que en m\u00e1s de una ocasi\u00f3n ha vivido en esas rampas algunas de las etapas m\u00e1s importantes de la ronda espa\u00f1ola, como aquella no tan lejana en la que Chris Froome y Nairo Quintana se jugaron el triunfo final que acab\u00f3 del lado del colombiano en 2016.<\/p>   <p>Como ya es habitual en una cita que, aseguran los organizadores, \u201cno es una marcha, sino que es La Marcha\u201d, una larga lista de embajadores dar\u00e1n brillo a los invitados especiales de esta tercera edici\u00f3n. Entre ellos, destaca la figura de \u00d3scar Pereiro, ganador del Tour de Francia de 2006.<\/p>   <p>Aunque como corresponde a las marchas cicloturistas, el recorrido no ser\u00e1 competitivo, la organizaci\u00f3n de la Aitana Tour ha querido darle ese punto de \u2018picante\u2019 a su propuesta y ha vuelto a apostar por sus ya tradicionales \u2018cronoescaladas\u2019 en las que los participantes s\u00ed se podr\u00e1n exprimir al m\u00e1ximo.<\/p>   <p>De esta manera, los que lo deseen, podr\u00e1n buscar los mejores tiempos en cada una de las subidas de la jornada para, una vez sumados todos los cronos, hacer una clasificaci\u00f3n de los mejores escaladores. Se consigue as\u00ed el equilibrio entre una marcha cicloturista y la emoci\u00f3n de la competici\u00f3n.<\/p>   <p>La prueba arrancar\u00e1 a las 7:30 horas del domingo, pero antes de eso, durante todo el s\u00e1bado (y tambi\u00e9n a lo largo del domingo), el polideportivo de Callosa d\u2019en Sarri\u00e0 albergar\u00e1 una impresionante zona Expo en la que se ir\u00e1n desarrollando numerosas demostraciones y actividades entre las que destaca, a las 18:00 horas del s\u00e1bado, el acto de presentaci\u00f3n oficial en el que estar\u00e1 presente, junto a otros embajadores y autoridades, el propio \u00d3scar Pereiro.<\/p>   <p>     .c-w{         max-width:444px;         width:100%;         margin:16px auto;      background:#00755E;         border-radius:4px;         display:flex;         align-items:center;         justify-content:center;     }     .c-w a{         display:flex;         align-items:center;         justify-content:center;         padding:4px 24px;     }     .c-w img{         width:24px;         margin-right:12px;     }     .c-w p{         font:18px\/25px Poppins;         text-align:center;         color:#fff;         margin:0;     }     @media (max-width:444px){         .c-w a{             padding:4px 12px;         }         .c-w img{             width:24px;             margin-right:8px;         }         .c-w p{             font:14px\/25px Poppins;         }     }     @media (max-width:335px){         .c-w p{             font:13px\/25px Poppins;         }     }  <div class=\"c-w\">     <a href=\"https:\/\/www.whatsapp.com\/channel\/0029Va633PF9WtC4l7XUzh1e\" target=\"_blank\" rel=\"noopener\">         <img decoding=\"async\" src=\"https:\/\/cadenaser.com\/estaticos\/recursosgraficos\/responsive\/img\/ico-whatsapp.svg\" alt=\"Whatsapp\">         <p>\u00danete al <b>canal de WhatsApp<\/b> de la SER<\/p>     <\/a> <\/div><\/p>   <p><p><strong>Sigue el canal de Carrusel en WhatsApp<\/strong><br \/>\u00a1Bienvenido al canal de Whatsapp de Carrusel! Toda la emoci\u00f3n del deporte, EN DIRECTO. Dirige Dani Garrido<\/p><a href=\"https:\/\/whatsapp.com\/channel\/0029Va8gTnP3rZZcN6Uzfi1x\" title=\"Suscr\u00edbete\">Suscr\u00edbete ahora<\/a><\/p> ","protected":false},"excerpt":{"rendered":"<p>\u00d3scar Pereiro, ganador del Tour de Francia en 2006, ser\u00e1 el principal embajador de la prueba de Callosa este a\u00f1o<\/p>\n","protected":false},"author":0,"featured_media":5666,"comment_status":"open","ping_status":"open","sticky":false,"template":"","format":"standard","meta":{"_acf_changed":false,"footnotes":""},"categories":[16],"tags":[],"class_list":["post-5665","post","type-post","status-publish","format-standard","has-post-thumbnail","hentry","category-deportes"],"acf":{"ser_id":"6U5YAIKDYRH5PPZW2IL3ZOTUG4","ser_url":"https:\/\/cadenaser.com\/comunitat-valenciana\/2024\/05\/31\/mas-de-150-kilometros-y-seis-puertos-de-montana-hace-que-la-aitana-tour-no-sea-una-marcha-sino-la-marcha-radio-benidorm\/"},"_links":{"self":[{"href":"https:\/\/serbenidorm.daliisolutions.com\/index.php\/wp-json\/wp\/v2\/posts\/5665","targetHints":{"allow":["GET"]}}],"collection":[{"href":"https:\/\/serbenidorm.daliisolutions.com\/index.php\/wp-json\/wp\/v2\/posts"}],"about":[{"href":"https:\/\/serbenidorm.daliisolutions.com\/index.php\/wp-json\/wp\/v2\/types\/post"}],"replies":[{"embeddable":true,"href":"https:\/\/serbenidorm.daliisolutions.com\/index.php\/wp-json\/wp\/v2\/comments?post=5665"}],"version-history":[{"count":0,"href":"https:\/\/serbenidorm.daliisolutions.com\/index.php\/wp-json\/wp\/v2\/posts\/5665\/revisions"}],"wp:featuredmedia":[{"embeddable":true,"href":"https:\/\/serbenidorm.daliisolutions.com\/index.php\/wp-json\/wp\/v2\/media\/5666"}],"wp:attachment":[{"href":"https:\/\/serbenidorm.daliisolutions.com\/index.php\/wp-json\/wp\/v2\/media?parent=5665"}],"wp:term":[{"taxonomy":"category","embeddable":true,"href":"https:\/\/serbenidorm.daliisolutions.com\/index.php\/wp-json\/wp\/v2\/categories?post=5665"},{"taxonomy":"post_tag","embeddable":true,"href":"https:\/\/serbenidorm.daliisolutions.com\/index.php\/wp-json\/wp\/v2\/tags?post=5665"}],"curies":[{"name":"wp","href":"https:\/\/api.w.org\/{rel}","templated":true}]}}