{"id":5669,"date":"2024-05-31T12:05:24","date_gmt":"2024-05-31T10:05:24","guid":{"rendered":"https:\/\/serbenidorm.daliisolutions.com\/index.php\/2024\/05\/31\/el-atletismo-espanol-en-paris-2024-afrontara-su-ultimo-gran-examen-en-la-nucia\/"},"modified":"2024-05-31T12:05:24","modified_gmt":"2024-05-31T10:05:24","slug":"el-atletismo-espanol-en-paris-2024-afrontara-su-ultimo-gran-examen-en-la-nucia","status":"publish","type":"post","link":"https:\/\/serbenidorm.daliisolutions.com\/index.php\/2024\/05\/31\/el-atletismo-espanol-en-paris-2024-afrontara-su-ultimo-gran-examen-en-la-nucia\/","title":{"rendered":"El atletismo espa\u00f1ol en Par\u00eds 2024 afrontar\u00e1 su \u00faltimo gran examen en La Nuc\u00eda"},"content":{"rendered":"  <p>El Estad Ol\u00edmpic Camilo Cano ha comenzado ya los preparativos finales para acoger las dos grandes citas del atletismo nacional de la temporada. Primero, del 28 al 30 de junio, ser\u00e1 el turno del Campeonato de Espa\u00f1a Absoluto, que volver\u00e1 al recinto cinco a\u00f1os despu\u00e9s. Una semana m\u00e1s tarde, el 6 de julio, los mejores atletas regresar\u00e1n a esa pista para el Campeonato de Espa\u00f1a por selecciones auton\u00f3micas.<\/p>   <p>De ah\u00ed, de esa doble cita, saldr\u00e1 buena parte de la selecci\u00f3n que representar\u00e1 los intereses de Espa\u00f1a en los Juegos Ol\u00edmpicos de Par\u00eds 2024, que tiene reservados del 1 al 11 de agosto para las pruebas atl\u00e9ticas.<\/p>   <p>A falta de apenas un mes para que se pongan en juego las medallas nacionales, Pepe Brotons, presidente del Club Atletismo La Nuc\u00eda y organizador local de esos campeonatos, ha pasado por SER Deportivos Marina Baixa para analizar todo lo relativo a los mismos.<\/p>   <p><b>B\u00fasqueda de voluntarios<\/b><\/p>   <p>Lo que ya se ha puesto a la venta para esa cita son las entradas, de las que ya se han vendido, ha explicado Brotons, cerca del 50%, por lo que los aficionados deber\u00e1n darse prisa si quieren asegurarse un hueco en las gradas del Camilo Cano.<\/p>   <p>Desde la organizaci\u00f3n, adem\u00e1s, siguen con la b\u00fasqueda de voluntarios para cubrir distintos puestos para que los dos eventos vuelvan a dar la mejor imagen de La Nuc\u00eda y de la Marina Baixa.<\/p>   <p>     .c-w{         max-width:444px;         width:100%;         margin:16px auto;      background:#00755E;         border-radius:4px;         display:flex;         align-items:center;         justify-content:center;     }     .c-w a{         display:flex;         align-items:center;         justify-content:center;         padding:4px 24px;     }     .c-w img{         width:24px;         margin-right:12px;     }     .c-w p{         font:18px\/25px Poppins;         text-align:center;         color:#fff;         margin:0;     }     @media (max-width:444px){         .c-w a{             padding:4px 12px;         }         .c-w img{             width:24px;             margin-right:8px;         }         .c-w p{             font:14px\/25px Poppins;         }     }     @media (max-width:335px){         .c-w p{             font:13px\/25px Poppins;         }     }  <div class=\"c-w\">     <a href=\"https:\/\/www.whatsapp.com\/channel\/0029Va633PF9WtC4l7XUzh1e\" target=\"_blank\" rel=\"noopener\">         <img decoding=\"async\" src=\"https:\/\/cadenaser.com\/estaticos\/recursosgraficos\/responsive\/img\/ico-whatsapp.svg\" alt=\"Whatsapp\">         <p>\u00danete al <b>canal de WhatsApp<\/b> de la SER<\/p>     <\/a> <\/div><\/p>   <p><p><strong>Sigue el canal de Carrusel en WhatsApp<\/strong><br \/>\u00a1Bienvenido al canal de Whatsapp de Carrusel! Toda la emoci\u00f3n del deporte, EN DIRECTO. Dirige Dani Garrido<\/p><a href=\"https:\/\/whatsapp.com\/channel\/0029Va8gTnP3rZZcN6Uzfi1x\" title=\"Suscr\u00edbete\">Suscr\u00edbete ahora<\/a><\/p> ","protected":false},"excerpt":{"rendered":"<p>El Estadi Ol\u00edmpic Camilo Cano acoger\u00e1 el Campeonato de Espa\u00f1a a finales del mes de junio<\/p>\n","protected":false},"author":0,"featured_media":5670,"comment_status":"open","ping_status":"open","sticky":false,"template":"","format":"standard","meta":{"_acf_changed":false,"footnotes":""},"categories":[16],"tags":[],"class_list":["post-5669","post","type-post","status-publish","format-standard","has-post-thumbnail","hentry","category-deportes"],"acf":{"ser_id":"QNOFJBNJ7BB57LDRC2VGQYQLLM","ser_url":"https:\/\/cadenaser.com\/comunitat-valenciana\/2024\/05\/31\/el-atletismo-espanol-en-paris-2024-afrontara-su-ultimo-gran-examen-en-la-nucia-radio-benidorm\/"},"_links":{"self":[{"href":"https:\/\/serbenidorm.daliisolutions.com\/index.php\/wp-json\/wp\/v2\/posts\/5669","targetHints":{"allow":["GET"]}}],"collection":[{"href":"https:\/\/serbenidorm.daliisolutions.com\/index.php\/wp-json\/wp\/v2\/posts"}],"about":[{"href":"https:\/\/serbenidorm.daliisolutions.com\/index.php\/wp-json\/wp\/v2\/types\/post"}],"replies":[{"embeddable":true,"href":"https:\/\/serbenidorm.daliisolutions.com\/index.php\/wp-json\/wp\/v2\/comments?post=5669"}],"version-history":[{"count":0,"href":"https:\/\/serbenidorm.daliisolutions.com\/index.php\/wp-json\/wp\/v2\/posts\/5669\/revisions"}],"wp:featuredmedia":[{"embeddable":true,"href":"https:\/\/serbenidorm.daliisolutions.com\/index.php\/wp-json\/wp\/v2\/media\/5670"}],"wp:attachment":[{"href":"https:\/\/serbenidorm.daliisolutions.com\/index.php\/wp-json\/wp\/v2\/media?parent=5669"}],"wp:term":[{"taxonomy":"category","embeddable":true,"href":"https:\/\/serbenidorm.daliisolutions.com\/index.php\/wp-json\/wp\/v2\/categories?post=5669"},{"taxonomy":"post_tag","embeddable":true,"href":"https:\/\/serbenidorm.daliisolutions.com\/index.php\/wp-json\/wp\/v2\/tags?post=5669"}],"curies":[{"name":"wp","href":"https:\/\/api.w.org\/{rel}","templated":true}]}}