{"id":5673,"date":"2024-05-31T13:45:07","date_gmt":"2024-05-31T11:45:07","guid":{"rendered":"https:\/\/serbenidorm.daliisolutions.com\/index.php\/2024\/05\/31\/teatro-infantil-en-finestrat-con-la-muneca-de-la-caja-de-musica\/"},"modified":"2024-05-31T13:45:07","modified_gmt":"2024-05-31T11:45:07","slug":"teatro-infantil-en-finestrat-con-la-muneca-de-la-caja-de-musica","status":"publish","type":"post","link":"https:\/\/serbenidorm.daliisolutions.com\/index.php\/2024\/05\/31\/teatro-infantil-en-finestrat-con-la-muneca-de-la-caja-de-musica\/","title":{"rendered":"Teatro infantil en Finestrat con La Mu\u00f1eca de la Caja de M\u00fasica"},"content":{"rendered":"  <p>Alumnos de entre 5 y 12 a\u00f1os del Taller de Teatro de Finestrat se subir\u00e1n al escenario de la Casa de Cultura del municipio para representar la obra La Mu\u00f1eca de la Caja de M\u00fasica. Se trata de una obra de teatro que supone el trabajo de fin de curso de los alumnos de este taller que dirige Ana Maestre.<\/p>   <p>Tal y como ha explicado a <a href=\"\/\/radiobenidorm.es\" rel=\"nofollow noopener\" target=\"_blank\">Hoy por Hoy Benidorm <\/a>Maestre, La Mu\u00f1eca de la Caja de M\u00fasica cuenta \u00abla historia de una mu\u00f1eca que gracias a la amistad sale de la zona de confort que es su caja de m\u00fasica y se aventura en varias experiencias\u00bb. <\/p>   <p>Una historia con un toque de humor que har\u00e1 re\u00edr al p\u00fablico asistente \u00abpero tambi\u00e9n con un mensaje\u00bb para hacer pensar. La funci\u00f3n contar\u00e1 con 18 actores y actrices de este taller de teatro que demostrar\u00e1n los conocimientos  y t\u00e9cnicas adquiridos en este taller a lo largo de todo el curso.<\/p>   <p>La funci\u00f3n se representar\u00e1 este domingo 2 de junio a las 18:00 horas y tendr\u00e1 entrada gratuita y limitada al sal\u00f3n de actos de la Casa de Cultura. <\/p> ","protected":false},"excerpt":{"rendered":"<p>Los alumnos del Taller de Teatro act\u00faan en la Casa de Cultura el domingo 2 de junio <\/p>\n","protected":false},"author":0,"featured_media":5674,"comment_status":"open","ping_status":"open","sticky":false,"template":"","format":"standard","meta":{"_acf_changed":false,"footnotes":""},"categories":[1],"tags":[],"class_list":["post-5673","post","type-post","status-publish","format-standard","has-post-thumbnail","hentry","category-sin-categoria"],"acf":{"ser_id":"KKX5N2S3HJEHBAUOLZWOE3IJFA","ser_url":"https:\/\/cadenaser.com\/comunitat-valenciana\/2024\/05\/31\/teatro-infantil-en-finestrat-con-la-muneca-de-la-caja-de-musica-radio-benidorm\/"},"_links":{"self":[{"href":"https:\/\/serbenidorm.daliisolutions.com\/index.php\/wp-json\/wp\/v2\/posts\/5673","targetHints":{"allow":["GET"]}}],"collection":[{"href":"https:\/\/serbenidorm.daliisolutions.com\/index.php\/wp-json\/wp\/v2\/posts"}],"about":[{"href":"https:\/\/serbenidorm.daliisolutions.com\/index.php\/wp-json\/wp\/v2\/types\/post"}],"replies":[{"embeddable":true,"href":"https:\/\/serbenidorm.daliisolutions.com\/index.php\/wp-json\/wp\/v2\/comments?post=5673"}],"version-history":[{"count":0,"href":"https:\/\/serbenidorm.daliisolutions.com\/index.php\/wp-json\/wp\/v2\/posts\/5673\/revisions"}],"wp:featuredmedia":[{"embeddable":true,"href":"https:\/\/serbenidorm.daliisolutions.com\/index.php\/wp-json\/wp\/v2\/media\/5674"}],"wp:attachment":[{"href":"https:\/\/serbenidorm.daliisolutions.com\/index.php\/wp-json\/wp\/v2\/media?parent=5673"}],"wp:term":[{"taxonomy":"category","embeddable":true,"href":"https:\/\/serbenidorm.daliisolutions.com\/index.php\/wp-json\/wp\/v2\/categories?post=5673"},{"taxonomy":"post_tag","embeddable":true,"href":"https:\/\/serbenidorm.daliisolutions.com\/index.php\/wp-json\/wp\/v2\/tags?post=5673"}],"curies":[{"name":"wp","href":"https:\/\/api.w.org\/{rel}","templated":true}]}}