{"id":5689,"date":"2024-05-31T15:24:54","date_gmt":"2024-05-31T13:24:54","guid":{"rendered":"https:\/\/serbenidorm.daliisolutions.com\/index.php\/2024\/05\/31\/el-psoe-de-benidorm-pide-la-dimision-del-alcalde-por-no-calibrar-las-consecuencias-de-incumplir-el-convenio-con-los-propietarios-de-serra-gelada\/"},"modified":"2024-05-31T15:24:54","modified_gmt":"2024-05-31T13:24:54","slug":"el-psoe-de-benidorm-pide-la-dimision-del-alcalde-por-no-calibrar-las-consecuencias-de-incumplir-el-convenio-con-los-propietarios-de-serra-gelada","status":"publish","type":"post","link":"https:\/\/serbenidorm.daliisolutions.com\/index.php\/2024\/05\/31\/el-psoe-de-benidorm-pide-la-dimision-del-alcalde-por-no-calibrar-las-consecuencias-de-incumplir-el-convenio-con-los-propietarios-de-serra-gelada\/","title":{"rendered":"El PSOE de Benidorm pide la dimisi\u00f3n del alcalde \u00abpor no calibrar las consecuencias \u00bb de incumplir el convenio con los propietarios de Serra Gelada"},"content":{"rendered":"  <p>La sentencia del Tribunal Superior de Justicia de la Comunitat Valenciana (TSJCV) que condena al Ayuntamiento de Benidorm a indemnizar con 330 millones de euros a la familia Murcia Puchades por el incumplimiento del convenio urban\u00edstico firmado por las dos partes en el ya muy lejano a\u00f1o 2003 sigue provocando reacciones en la capital tur\u00edstica.<\/p>   <p>Si el jueves era el alcalde de la ciudad, Toni P\u00e9rez, el que hac\u00eda un llamamiento a la tranquilidad pese a la hist\u00f3rica cuant\u00eda de esa indemnizaci\u00f3n, hoy ha sido la portavoz del principal partido de la oposici\u00f3n local, Cristina Escoda la que \u201cante este varapalo\u201d ha pedido, en rueda de prensa, <a href=\"https:\/\/cadenaser.com\/tag\/benidorm\/a\/\" target=\"_blank\" rel=\"noopener\">\u201cla dimisi\u00f3n del alcalde\u201d por haber \u201cllevado a Benidorm al precipicio tras esta sentencia que va a hipotecar a nuestros hijos y a nuestros nietos\u201d<\/a>.<\/p>  <p><p>M\u00e1s informaci\u00f3n<\/p><figure><img loading=\"lazy\" decoding=\"async\" src=\"https:\/\/cadenaser.com\/resizer\/v2\/7HUHBCOX6JDNBCMGBRMEOY4WX4.jpg?auth=bcbc4a8f41cac0c25ca165779a96b22e820ccf45cf87e6cdce124ec39af52d4c&amp;quality=70&amp;width=360&amp;height=202&amp;smart=true\" width=\"820\" height=\"621\" \/><\/figure><ul><li><a href=\"https:\/\/cadenaser.com\/comunitat-valenciana\/2024\/05\/30\/benidorm-luchara-por-recuperar-la-razon-tras-la-sentencia-que-le-obliga-a-pagar-330-millones-a-propietarios-de-terrenos-en-serra-gelada-radio-benidorm\/\"><span>Benidorm recurrir\u00e1 la sentencia que le obliga a pagar 330 millones a dos propietarios de terrenos en Serra Gelada<\/span><\/a><\/li><\/ul><\/p>   <p>En una dur\u00edsima intervenci\u00f3n en la que la l\u00edder de los socialistas de Benidorm ha reconocido que su grupo est\u00e1 \u201cimpactado y preocupado\u201d por el fallo del Tribunal, Escoda ha subrayado que el mismo supone \u201cun perjuicio important\u00edsimo para casi tres generaciones de benidormenses\u201d.<\/p>   <p>Adem\u00e1s, Escoda ha recordado que el convenio que ha dado pie a la sentencia \u201cfue impulsado por el Partido Popular\u201d y que en aquel a\u00f1o 2003 \u201cel actual alcalde de la ciudad, Toni P\u00e9rez, vot\u00f3 a favor mientras que el PSPV-PSOE, en ese momento, vot\u00f3 en contra\u201d.<\/p>  <p><p class=\"tit\"><span>Hora 14 Benidorm (31\/05\/2024)<\/span><\/p> <p class=\"emb\"><iframe loading=\"lazy\" src=\"https:\/\/cadenaser.com\/embed\/audio\/460\/cadenaser_benidorm_hora14benidorm_20240531_141700_143000\/\" width=\"100%\" height=\"360\" frameborder=\"0\" allowfullscreen><\/iframe><\/p><\/p>   <p>Un convenio, ha insistido la portavoz socialista, que \u201cfue ratificado por distintos gobiernos\u201d y que ahora \u201csin saber por qu\u00e9, Toni P\u00e9rez ha decidido cambiar el criterio y ha dejado a Benidorm en la m\u00e1s absoluta indefensi\u00f3n\u201d.<\/p>   <p>     .c-w{         max-width:444px;         width:100%;         margin:16px auto;      background:#00755E;         border-radius:4px;         display:flex;         align-items:center;         justify-content:center;     }     .c-w a{         display:flex;         align-items:center;         justify-content:center;         padding:4px 24px;     }     .c-w img{         width:24px;         margin-right:12px;     }     .c-w p{         font:18px\/25px Poppins;         text-align:center;         color:#fff;         margin:0;     }     @media (max-width:444px){         .c-w a{             padding:4px 12px;         }         .c-w img{             width:24px;             margin-right:8px;         }         .c-w p{             font:14px\/25px Poppins;         }     }     @media (max-width:335px){         .c-w p{             font:13px\/25px Poppins;         }     }  <div class=\"c-w\">     <a href=\"https:\/\/www.whatsapp.com\/channel\/0029Va633PF9WtC4l7XUzh1e\" target=\"_blank\" rel=\"noopener\">         <img decoding=\"async\" src=\"https:\/\/cadenaser.com\/estaticos\/recursosgraficos\/responsive\/img\/ico-whatsapp.svg\" alt=\"Whatsapp\">         <p>\u00danete al <b>canal de WhatsApp<\/b> de la SER<\/p>     <\/a> <\/div><\/p>   <p>A juicio de Cristina Escoda, P\u00e9rez \u201cno ha calibrado las consecuencias y nos tememos que, una vez m\u00e1s, esas consecuencias vienen derivadas de esa altivez y esa prepotencia que le caracteriza y a la que nos tiene acostumbrados\u201d. Los socialistas han personificado en el primer edil toda la responsabilidad del fallo del TSJCV y consideran que \u201ccon esas actitudes va a hipotecar a los vecinos de Benidorm que miran muy preocupados a c\u00f3mo el Ayuntamiento va a gestionar esto\u201d.<\/p>  <p><figure><img loading=\"lazy\" decoding=\"async\" src=\"https:\/\/cadenaser.com\/resizer\/v2\/PT64GXCBZZAGZJ2OHM7JGELMPA.JPG?auth=c38d39ef83f53314f4482eeb133cdc1da7767f293ff0cb66a230aeb2740c6d02&amp;quality=70&amp;width=360&amp;height=202&amp;smart=true\" alt=\"La familia Murcia Puchades, abierta a negociar con Benidorm: &quot;Si en lugar de eso se pretende recobrar la raz\u00f3n el Supremo tendr\u00e1 la \u00faltima palabra&quot;\" width=\"240\" height=\"135\" \/><\/figure><div><a href=\"https:\/\/cadenaser.com\/comunitat-valenciana\/2024\/05\/30\/la-familia-murcia-puchades-abierta-a-negociar-con-benidorm-si-en-lugar-de-eso-se-pretende-recobrar-la-razon-el-supremo-tendra-la-ultima-palabra-radio-benidorm\/\">La familia Murcia Puchades, abierta a negociar con Benidorm: \u00abSi en lugar de eso se pretende recobrar la raz\u00f3n el Supremo tendr\u00e1 la \u00faltima palabra\u00bb<\/a><p><\/p><\/div><\/p>   <p>Seg\u00fan el an\u00e1lisis de la situaci\u00f3n realizado por Escoda, \u201cel alcalde est\u00e1 actuando por impulsos y no pens\u00f3 en c\u00f3mo pod\u00eda afectar esto a Benidorm. Por eso pedimos esa dimisi\u00f3n\u201d ya que, ha remarcado, \u201cno ha actuado en beneficio de los ciudadanos\u201d.<\/p>   <p>Negociaci\u00f3n con los propietarios para paliar \u00ablas tremendas consecuencias\u00bb<\/p>   <p>Escoda, eso s\u00ed, ha subrayado que desde el PSPV-PSOE \u201cestamos de acuerdo y apoyamos que se presente el recurso\u201d, aunque tambi\u00e9n ha querido pedir al equipo de gobierno que, \u201cpuesto que los propietarios han tendido la mano al Ayuntamiento a abrir una l\u00ednea de di\u00e1logo para paliar, en la medida de lo posible, las tremendas consecuencias que va a tener la sentencia; que acepte esa l\u00ednea de di\u00e1logo y que anteponga siempre los intereses de los ciudadanos por encima del particular y que salvaguarde a los vecinos de una tremenda hipoteca\u201d.<\/p>   <p>Escoda no ha dudado en afirmar que la ejecuci\u00f3n de esta indemnizaci\u00f3n supondr\u00eda \u201cuna quiebra t\u00e9cnica del Ayuntamiento que tendremos que ir afrontando de alguna manera\u201d.<\/p> ","protected":false},"excerpt":{"rendered":"<p>Su portavoz, Cristina Escoda, pide a Toni P\u00e9rez que negocie con la familia Murcia Puchades para no endeudar \u00aba tres generaciones de benidormenses\u00bb<\/p>\n","protected":false},"author":0,"featured_media":5690,"comment_status":"open","ping_status":"open","sticky":false,"template":"","format":"standard","meta":{"_acf_changed":false,"footnotes":""},"categories":[1],"tags":[],"class_list":["post-5689","post","type-post","status-publish","format-standard","has-post-thumbnail","hentry","category-sin-categoria"],"acf":{"ser_id":"ITLQF7Q7CBADLBLYVPLZ627AOE","ser_url":"https:\/\/cadenaser.com\/comunitat-valenciana\/2024\/05\/31\/el-psoe-de-benidorm-pide-la-dimision-del-alcalde-por-no-calibrar-las-consecuencias-de-incumplir-el-convenio-con-los-propietarios-de-serra-gelada-radio-benidorm\/"},"_links":{"self":[{"href":"https:\/\/serbenidorm.daliisolutions.com\/index.php\/wp-json\/wp\/v2\/posts\/5689","targetHints":{"allow":["GET"]}}],"collection":[{"href":"https:\/\/serbenidorm.daliisolutions.com\/index.php\/wp-json\/wp\/v2\/posts"}],"about":[{"href":"https:\/\/serbenidorm.daliisolutions.com\/index.php\/wp-json\/wp\/v2\/types\/post"}],"replies":[{"embeddable":true,"href":"https:\/\/serbenidorm.daliisolutions.com\/index.php\/wp-json\/wp\/v2\/comments?post=5689"}],"version-history":[{"count":0,"href":"https:\/\/serbenidorm.daliisolutions.com\/index.php\/wp-json\/wp\/v2\/posts\/5689\/revisions"}],"wp:featuredmedia":[{"embeddable":true,"href":"https:\/\/serbenidorm.daliisolutions.com\/index.php\/wp-json\/wp\/v2\/media\/5690"}],"wp:attachment":[{"href":"https:\/\/serbenidorm.daliisolutions.com\/index.php\/wp-json\/wp\/v2\/media?parent=5689"}],"wp:term":[{"taxonomy":"category","embeddable":true,"href":"https:\/\/serbenidorm.daliisolutions.com\/index.php\/wp-json\/wp\/v2\/categories?post=5689"},{"taxonomy":"post_tag","embeddable":true,"href":"https:\/\/serbenidorm.daliisolutions.com\/index.php\/wp-json\/wp\/v2\/tags?post=5689"}],"curies":[{"name":"wp","href":"https:\/\/api.w.org\/{rel}","templated":true}]}}