{"id":5691,"date":"2024-05-31T15:41:44","date_gmt":"2024-05-31T13:41:44","guid":{"rendered":"https:\/\/serbenidorm.daliisolutions.com\/index.php\/2024\/05\/31\/la-final-de-la-champions-en-el-ii-penjatapa-de-la-nucia\/"},"modified":"2024-05-31T15:41:44","modified_gmt":"2024-05-31T13:41:44","slug":"la-final-de-la-champions-en-el-ii-penjatapa-de-la-nucia","status":"publish","type":"post","link":"https:\/\/serbenidorm.daliisolutions.com\/index.php\/2024\/05\/31\/la-final-de-la-champions-en-el-ii-penjatapa-de-la-nucia\/","title":{"rendered":"La final de la Champions, en el II Penjatapa de La Nuc\u00eda"},"content":{"rendered":"  <p>Els Majorals 2024- Els Penjats han organizado la segunda edici\u00f3n del \u201cPenjatapa\u201d con tardeo para este s\u00e1bado 1 de junio desde el mediod\u00eda en la pla\u00e7a Sant Antoni. \u201cPenjatapa\u201d contar\u00e1 con gran variedad de tapas para degustar y tambi\u00e9n tendr\u00e1 la actuaci\u00f3n en directo del percusionista cubano \u201cL\u00e1zaro\u201d y Dj\u2019s Residentes, adem\u00e1s se instalar\u00e1 pantalla para la final de la <i>\u201cChampions League\u201d. <\/i><a href=\"https:\/\/cadenaser.com\/tag\/la_nucia\/a\/\" target=\"_blank\" rel=\"noopener\">La entrada ser\u00e1 gratuita y la fiesta estar\u00e1 abierta a festeros y no festeros<\/a>.<\/p>   <p>Este segundo \u201c<i>Penjatapa<\/i>\u201d se realiza con el fin de recaudar dinero para les<i> <\/i>Festes d\u2019Agost 2024 y est\u00e1 organizado por la Penya Els Penjats \u2013 Majorals 2024 con la colaboraci\u00f3n de la concejal\u00eda de Fiestas del Ayuntamiento de La Nuc\u00eda y l\u2019Associaci\u00f3 de Penyes La Nucia. Su presidente, Quico P\u00e9rez, nos ha contado todos los detalles en <a href=\"https:\/\/cadenaser.com\/tag\/comarca_la_marina_baixa\/a\/\" target=\"_blank\" rel=\"noopener\">La Ventana de la Marina Baixa<\/a>.<\/p>   <p>Programa<\/p>   <p>Este \u201cPenjatapa\u201d comenzar\u00e1 el pr\u00f3ximo s\u00e1bado 1 de junio a las 13 horas en la pla\u00e7a Sant Antoni, junto al Llavador. Els Majorals 2024 \u2013 Els Penjats montar\u00e1n una barra con gran variedad de tapas caseras y t\u00edpicas de la zona por importe de 3,50 euros incluyendo una bebida y una tapa: <i>aletes, fetge, creilles en all i oli, xoricets a la sidra, albondigues, sepia en salsa\u2026<\/i> <\/p>   <p>La fiesta continuar\u00e1 a las 17 horas con la actuaci\u00f3n del percusionista cubano \u201cL\u00e1zaro\u201d. Tras esta actuaci\u00f3n, la m\u00fasica seguir\u00e1 con Dj. A las 21 horas se ofrecer\u00e1 la retransmisi\u00f3n de la final de la Champions League. La fiesta continuar\u00e1 hasta la media noche.<\/p> ","protected":false},"excerpt":{"rendered":"<p>Festival de tapas con actuaciones musicales y pantalla de los mayorales en la pla\u00e7a Sant Antoni<\/p>\n","protected":false},"author":0,"featured_media":5692,"comment_status":"open","ping_status":"open","sticky":false,"template":"","format":"standard","meta":{"_acf_changed":false,"footnotes":""},"categories":[1],"tags":[],"class_list":["post-5691","post","type-post","status-publish","format-standard","has-post-thumbnail","hentry","category-sin-categoria"],"acf":{"ser_id":"TGYPMPFYNVDU7I37NE5BZHBKMY","ser_url":"https:\/\/cadenaser.com\/comunitat-valenciana\/2024\/05\/31\/la-final-de-la-champions-en-el-ii-penjatapa-de-la-nucia-radio-benidorm\/"},"_links":{"self":[{"href":"https:\/\/serbenidorm.daliisolutions.com\/index.php\/wp-json\/wp\/v2\/posts\/5691","targetHints":{"allow":["GET"]}}],"collection":[{"href":"https:\/\/serbenidorm.daliisolutions.com\/index.php\/wp-json\/wp\/v2\/posts"}],"about":[{"href":"https:\/\/serbenidorm.daliisolutions.com\/index.php\/wp-json\/wp\/v2\/types\/post"}],"replies":[{"embeddable":true,"href":"https:\/\/serbenidorm.daliisolutions.com\/index.php\/wp-json\/wp\/v2\/comments?post=5691"}],"version-history":[{"count":0,"href":"https:\/\/serbenidorm.daliisolutions.com\/index.php\/wp-json\/wp\/v2\/posts\/5691\/revisions"}],"wp:featuredmedia":[{"embeddable":true,"href":"https:\/\/serbenidorm.daliisolutions.com\/index.php\/wp-json\/wp\/v2\/media\/5692"}],"wp:attachment":[{"href":"https:\/\/serbenidorm.daliisolutions.com\/index.php\/wp-json\/wp\/v2\/media?parent=5691"}],"wp:term":[{"taxonomy":"category","embeddable":true,"href":"https:\/\/serbenidorm.daliisolutions.com\/index.php\/wp-json\/wp\/v2\/categories?post=5691"},{"taxonomy":"post_tag","embeddable":true,"href":"https:\/\/serbenidorm.daliisolutions.com\/index.php\/wp-json\/wp\/v2\/tags?post=5691"}],"curies":[{"name":"wp","href":"https:\/\/api.w.org\/{rel}","templated":true}]}}