{"id":5693,"date":"2024-05-31T15:41:45","date_gmt":"2024-05-31T13:41:45","guid":{"rendered":"https:\/\/serbenidorm.daliisolutions.com\/index.php\/2024\/05\/31\/benidorm-sera-la-capital-de-la-publicidad-y-creatividad-de-todo-alicante-el-14-de-junio\/"},"modified":"2024-05-31T15:41:45","modified_gmt":"2024-05-31T13:41:45","slug":"benidorm-sera-la-capital-de-la-publicidad-y-creatividad-de-todo-alicante-el-14-de-junio","status":"publish","type":"post","link":"https:\/\/serbenidorm.daliisolutions.com\/index.php\/2024\/05\/31\/benidorm-sera-la-capital-de-la-publicidad-y-creatividad-de-todo-alicante-el-14-de-junio\/","title":{"rendered":"Benidorm ser\u00e1 la capital de la publicidad y creatividad de todo Alicante el 14 de junio"},"content":{"rendered":"  <p>Benidorm ser\u00e1 la sede de la Gala de los Premios ALCE 2024 a la creaci\u00f3n publicitaria, un evento que se celebrar\u00e1<a href=\"https:\/\/cadenaser.com\/tag\/benidorm\/a\/\" target=\"_blank\" rel=\"noopener\"> el pr\u00f3ximo viernes 14 de junio en el auditorio \u00d3scar Espl\u00e1 del Parque de l\u2019Aig\u00fcera<\/a> y que este a\u00f1o incorpora, por la ma\u00f1ana, una jornada formativa en la que grandes marcas expondr\u00e1n sus casos de \u00e9xito.<\/p>   <p>La gala ha sido presentada esta ma\u00f1ana por el alcalde Toni P\u00e9rez y Luc\u00eda de la Vega, presidenta de la \u2018Asociaci\u00f3n 361\u00ba\u2019, organizadora de este certamen que este a\u00f1o cumple su XXII edici\u00f3n. Si por la ma\u00f1ana, desde las 11 hasta las 15 horas, tendr\u00e1 lugar la jornada de trabajo, por la noche se celebrar\u00e1 la entrega de los galardones en una gala en la que se repartir\u00e1n 22 premios en dos categor\u00edas (Craft y Creatividad), a los que se suman otros cinco Especiales: J\u00f3venes creativos, Alce de Honor, ODS: Sostenibilidad y Medio Ambiente, Agencia del a\u00f1o y Agencia revelaci\u00f3n. Y, por \u00faltimo, se entregar\u00e1 el Gran Premio ALCE a la campa\u00f1a global.<\/p>  <p><p class=\"tit\"><span>Hora 14 Benidorm (31\/05\/2024)<\/span><\/p> <p class=\"emb\"><iframe loading=\"lazy\" src=\"https:\/\/cadenaser.com\/embed\/audio\/460\/cadenaser_benidorm_hora14benidorm_20240531_141700_143000\/\" width=\"100%\" height=\"360\" frameborder=\"0\" allowfullscreen><\/iframe><\/p><\/p>   <p>Seg\u00fan las bases de los premios, los trabajos deben estar realizados entre el 1 de junio de 2023 y el 1 de junio de este a\u00f1o y la inscripci\u00f3n a los mismos se ha cerrado en el d\u00eda de hoy. Pueden participar agencias de publicidad, empresas de comunicaci\u00f3n o relaciones p\u00fablicas, agencias de medios o estudios creativos. Cada agencia puede presentar hasta tres piezas por categor\u00eda pudiendo incluir trabajos de distintos clientes. <\/p>  <p><figure><img loading=\"lazy\" decoding=\"async\" src=\"https:\/\/cadenaser.com\/resizer\/v2\/RET5JRB5ORBHVMTCIBZLZOLDMU.JPG?auth=892b076214a2d0c24ce69c74d25a43d14f2910c6a2320721ee811ab84d389eb3&amp;quality=70&amp;width=360&amp;height=202&amp;smart=true\" alt=\"El ajedrez tambi\u00e9n es para ciegos: Benidorm vuelve a reunir a los mejores jugadores\" width=\"240\" height=\"135\" \/><\/figure><div><a href=\"https:\/\/cadenaser.com\/comunitat-valenciana\/2024\/05\/28\/el-ajedrez-tambien-es-para-ciegos-benidorm-vuelve-a-reunir-a-los-mejores-jugadores-radio-benidorm\/\">El ajedrez tambi\u00e9n es para ciegos: Benidorm vuelve a reunir a los mejores jugadores<\/a><p><\/p><\/div><\/p>   <p>El jurado estar\u00e1 formado por profesionales de referencia nacional relacionados con la comunicaci\u00f3n y la publicidad creativa. Este jurado se reunir\u00e1 el d\u00eda 6 de junio y el d\u00eda 10 dar\u00e1n a conocer a los finalistas en cada categor\u00eda.<\/p>   <p>Durante la presentaci\u00f3n, el alcalde ha destacado que la publicidad \u201cest\u00e9 presente en nuestro d\u00eda a d\u00eda\u201d y ha situado a la creatividad como \u201cun factor de diferenciaci\u00f3n a trav\u00e9s de muchos formatos\u201d. Estos premios nacieron en el a\u00f1o 2004 y reconocen la creatividad de las empresas que tienen sede en la provincia. \u201cUtilizamos esta jornada de escaparate de la creatividad en nuestra terreta\u201d ha dicho P\u00e9rez, para quien \u201ces una forma de expresar el talento y la vitalidad del sector\u201d.<\/p>   <p>     .c-w{         max-width:444px;         width:100%;         margin:16px auto;      background:#00755E;         border-radius:4px;         display:flex;         align-items:center;         justify-content:center;     }     .c-w a{         display:flex;         align-items:center;         justify-content:center;         padding:4px 24px;     }     .c-w img{         width:24px;         margin-right:12px;     }     .c-w p{         font:18px\/25px Poppins;         text-align:center;         color:#fff;         margin:0;     }     @media (max-width:444px){         .c-w a{             padding:4px 12px;         }         .c-w img{             width:24px;             margin-right:8px;         }         .c-w p{             font:14px\/25px Poppins;         }     }     @media (max-width:335px){         .c-w p{             font:13px\/25px Poppins;         }     }  <div class=\"c-w\">     <a href=\"https:\/\/www.whatsapp.com\/channel\/0029Va633PF9WtC4l7XUzh1e\" target=\"_blank\" rel=\"noopener\">         <img decoding=\"async\" src=\"https:\/\/cadenaser.com\/estaticos\/recursosgraficos\/responsive\/img\/ico-whatsapp.svg\" alt=\"Whatsapp\">         <p>\u00danete al <b>canal de WhatsApp<\/b> de la SER<\/p>     <\/a> <\/div><\/p>   <p>\u00abLa terreta no tiene techo\u00bb<\/p>   <p>Luc\u00eda de la Vega, por su parte, ha indicado que el lema escogido para esta edici\u00f3n <i>La terreta no tiene techo <\/i>reivindica \u201cque Alicante es una potencia creativa a nivel nacional\u201d por lo que \u201ccada vez m\u00e1s las grandes marcas vienen a la provincia en busca de creatividad\u201d.<\/p>   <p>De la Vega ha precisado que la asistencia al evento sobrepasar\u00e1 el medio millar de personas. El alcalde, por \u00faltimo, ha afirmado que Benidorm se siente \u201cmuy identificado\u201d con la Asociaci\u00f3n 361\u00ba porque la ciudad lleva la creatividad en su ADN\u201d. Tambi\u00e9n ha recalcado que la provincia alicantina \u201ctiene unos profesionales muy buenos\u201d.<\/p> ","protected":false},"excerpt":{"rendered":"<p>XXII Gala de los Premios ALCE 2024<\/p>\n","protected":false},"author":0,"featured_media":5694,"comment_status":"open","ping_status":"open","sticky":false,"template":"","format":"standard","meta":{"_acf_changed":false,"footnotes":""},"categories":[1],"tags":[],"class_list":["post-5693","post","type-post","status-publish","format-standard","has-post-thumbnail","hentry","category-sin-categoria"],"acf":{"ser_id":"4F7SSDNOBVBRLBEBA6SEIVRP64","ser_url":"https:\/\/cadenaser.com\/comunitat-valenciana\/2024\/05\/31\/benidorm-sera-la-capital-de-la-publicidad-y-creatividad-de-todo-alicante-el-14-de-junio-radio-benidorm\/"},"_links":{"self":[{"href":"https:\/\/serbenidorm.daliisolutions.com\/index.php\/wp-json\/wp\/v2\/posts\/5693","targetHints":{"allow":["GET"]}}],"collection":[{"href":"https:\/\/serbenidorm.daliisolutions.com\/index.php\/wp-json\/wp\/v2\/posts"}],"about":[{"href":"https:\/\/serbenidorm.daliisolutions.com\/index.php\/wp-json\/wp\/v2\/types\/post"}],"replies":[{"embeddable":true,"href":"https:\/\/serbenidorm.daliisolutions.com\/index.php\/wp-json\/wp\/v2\/comments?post=5693"}],"version-history":[{"count":0,"href":"https:\/\/serbenidorm.daliisolutions.com\/index.php\/wp-json\/wp\/v2\/posts\/5693\/revisions"}],"wp:featuredmedia":[{"embeddable":true,"href":"https:\/\/serbenidorm.daliisolutions.com\/index.php\/wp-json\/wp\/v2\/media\/5694"}],"wp:attachment":[{"href":"https:\/\/serbenidorm.daliisolutions.com\/index.php\/wp-json\/wp\/v2\/media?parent=5693"}],"wp:term":[{"taxonomy":"category","embeddable":true,"href":"https:\/\/serbenidorm.daliisolutions.com\/index.php\/wp-json\/wp\/v2\/categories?post=5693"},{"taxonomy":"post_tag","embeddable":true,"href":"https:\/\/serbenidorm.daliisolutions.com\/index.php\/wp-json\/wp\/v2\/tags?post=5693"}],"curies":[{"name":"wp","href":"https:\/\/api.w.org\/{rel}","templated":true}]}}