{"id":5702,"date":"2024-05-31T18:15:09","date_gmt":"2024-05-31T16:15:09","guid":{"rendered":"https:\/\/serbenidorm.daliisolutions.com\/index.php\/2024\/05\/31\/el-deporte-inclusivo-de-la-marina-baixa-contado-por-sus-protagonistas\/"},"modified":"2024-05-31T18:15:09","modified_gmt":"2024-05-31T16:15:09","slug":"el-deporte-inclusivo-de-la-marina-baixa-contado-por-sus-protagonistas","status":"publish","type":"post","link":"https:\/\/serbenidorm.daliisolutions.com\/index.php\/2024\/05\/31\/el-deporte-inclusivo-de-la-marina-baixa-contado-por-sus-protagonistas\/","title":{"rendered":"El deporte inclusivo de la Marina Baixa contado por sus protagonistas"},"content":{"rendered":"  <p>Desde el pasado mes de septiembre <a href=\"https:\/\/cadenaser.com\/radio-benidorm\/ser-deportivos-benidorm\/\" target=\"_blank\" rel=\"noopener\">SER Deportivos Marina Baixa<\/a> ha llegado puntual a su cita con toda la actualidad del deporte de Benidorm y del resto de la comarca todos los d\u00edas, de lunes a viernes y de 15:20 a 16:00 horas. Ahora, terminadas la mayor\u00eda de las competiciones que han protagonizado todos estos d\u00edas, semanas y meses; ha llegado el momento de bajar la persiana de la temporada radiof\u00f3nica deportiva local.<\/p>   <p>El testigo lo coger\u00e1n los compa\u00f1eros de la <a href=\"https:\/\/cadenaser.com\/\" target=\"_blank\" rel=\"noopener\">Cadena SER<\/a> que durante este verano se desplazar\u00e1n a citas tan importantes como la final de la Champions League de este s\u00e1bado, la Eurocopa de f\u00fatbol que se disputar\u00e1 del 14 de junio al 14 de julio o los Juegos Ol\u00edmpicos de Par\u00eds.<\/p>  <p><p>M\u00e1s informaci\u00f3n<\/p><figure><img loading=\"lazy\" decoding=\"async\" src=\"https:\/\/cadenaser.com\/resizer\/v2\/QXP62X5E75HDPNKUJAJKRZDUOU.JPG?auth=de75543df8fa7cacf04d254c155ea7f460183f8c90746db2123a216f66d918ba&amp;quality=70&amp;width=360&amp;height=202&amp;smart=true\" width=\"820\" height=\"621\" \/><\/figure><ul><li><a href=\"https:\/\/cadenaser.com\/comunitat-valenciana\/2024\/05\/30\/anneke-de-vree-un-sueno-olimpico-en-espanol-radio-benidorm\/\"><span>Anneke De Vr\u00e9e, un sue\u00f1o ol\u00edmpico en espa\u00f1ol<\/span><\/a><\/li><\/ul><\/p>   <p>En lo que a la actualidad local se refiere, el deporte no quedar\u00e1 hu\u00e9rfano de informaci\u00f3n ya que, siempre que as\u00ed se requiera, encontrar\u00e1 su hueco en <a href=\"https:\/\/cadenaser.com\/radio-benidorm\/hoy-por-hoy-benidorm\/\" target=\"_blank\" rel=\"noopener\">Hoy por hoy Benidorm<\/a>, <a href=\"https:\/\/cadenaser.com\/radio-benidorm\/hora-14-benidorm\/\" target=\"_blank\" rel=\"noopener\">Hora 14<\/a> o <a href=\"https:\/\/cadenaser.com\/radio-benidorm\/la-ventana-de-la-marina-baixa\/\" target=\"_blank\" rel=\"noopener\">La Ventana de la Marina Baixa<\/a>.<\/p>   <p>Pero antes de poner el punto y final al a\u00f1o radiof\u00f3nico de SER Deportivos, todo el equipo de deportes de <a href=\"https:\/\/cadenaser.com\/radio-benidorm\/\" target=\"_blank\" rel=\"noopener\">Radio Benidorm-Cadena SER<\/a> ha querido dedicar un programa especial a los tres principales proyectos de deporte inclusivo que han nacido en la comarca de la Marina Baixa a lo largo de la temporada 2023-2024.<\/p>   <p>As\u00ed, en este cierre de campa\u00f1a han visitado los estudios de Radio Benidorm los entrenadores y monitores del C.F. Foietes, del <a href=\"https:\/\/cadenaser.com\/tag\/club_rugby_la_vila\/a\/\" target=\"_blank\" rel=\"noopener\">Club de Rugby La Vila<\/a>, del <a href=\"https:\/\/cadenaser.com\/tag\/club_balonmano_benidorm\/a\/\" target=\"_blank\" rel=\"noopener\">Club Balonmano Benidorm<\/a> y de los centros Doble Amor y El Secanet para hablar largo y tendido de ese \u2018otro\u2019 deporte que tantas veces y de manera injusta queda eclipsado en el d\u00eda a d\u00eda.<\/p>   <p>     .c-w{         max-width:444px;         width:100%;         margin:16px auto;      background:#00755E;         border-radius:4px;         display:flex;         align-items:center;         justify-content:center;     }     .c-w a{         display:flex;         align-items:center;         justify-content:center;         padding:4px 24px;     }     .c-w img{         width:24px;         margin-right:12px;     }     .c-w p{         font:18px\/25px Poppins;         text-align:center;         color:#fff;         margin:0;     }     @media (max-width:444px){         .c-w a{             padding:4px 12px;         }         .c-w img{             width:24px;             margin-right:8px;         }         .c-w p{             font:14px\/25px Poppins;         }     }     @media (max-width:335px){         .c-w p{             font:13px\/25px Poppins;         }     }  <div class=\"c-w\">     <a href=\"https:\/\/www.whatsapp.com\/channel\/0029Va633PF9WtC4l7XUzh1e\" target=\"_blank\" rel=\"noopener\">         <img decoding=\"async\" src=\"https:\/\/cadenaser.com\/estaticos\/recursosgraficos\/responsive\/img\/ico-whatsapp.svg\" alt=\"Whatsapp\">         <p>\u00danete al <b>canal de WhatsApp<\/b> de la SER<\/p>     <\/a> <\/div><\/p>   <p><p><strong>Sigue el canal de Carrusel en WhatsApp<\/strong><br \/>\u00a1Bienvenido al canal de Whatsapp de Carrusel! Toda la emoci\u00f3n del deporte, EN DIRECTO. Dirige Dani Garrido<\/p><a href=\"https:\/\/whatsapp.com\/channel\/0029Va8gTnP3rZZcN6Uzfi1x\" title=\"Suscr\u00edbete\">Suscr\u00edbete ahora<\/a><\/p> ","protected":false},"excerpt":{"rendered":"<p>SER Deportivos Marina Baixa despide la temporada hablando con los monitores y entrenadores de los proyectos de deporte adaptado del rugby, f\u00fatbol, balonmano y Doble Amor<\/p>\n","protected":false},"author":0,"featured_media":5703,"comment_status":"open","ping_status":"open","sticky":false,"template":"","format":"standard","meta":{"_acf_changed":false,"footnotes":""},"categories":[16],"tags":[],"class_list":["post-5702","post","type-post","status-publish","format-standard","has-post-thumbnail","hentry","category-deportes"],"acf":{"ser_id":"PUUAKAZXPZGSJBRCMSRET3VDEA","ser_url":"https:\/\/cadenaser.com\/comunitat-valenciana\/2024\/05\/31\/el-deporte-inclusivo-de-la-marina-baixa-contado-por-sus-protagonistas-radio-benidorm\/"},"_links":{"self":[{"href":"https:\/\/serbenidorm.daliisolutions.com\/index.php\/wp-json\/wp\/v2\/posts\/5702","targetHints":{"allow":["GET"]}}],"collection":[{"href":"https:\/\/serbenidorm.daliisolutions.com\/index.php\/wp-json\/wp\/v2\/posts"}],"about":[{"href":"https:\/\/serbenidorm.daliisolutions.com\/index.php\/wp-json\/wp\/v2\/types\/post"}],"replies":[{"embeddable":true,"href":"https:\/\/serbenidorm.daliisolutions.com\/index.php\/wp-json\/wp\/v2\/comments?post=5702"}],"version-history":[{"count":0,"href":"https:\/\/serbenidorm.daliisolutions.com\/index.php\/wp-json\/wp\/v2\/posts\/5702\/revisions"}],"wp:featuredmedia":[{"embeddable":true,"href":"https:\/\/serbenidorm.daliisolutions.com\/index.php\/wp-json\/wp\/v2\/media\/5703"}],"wp:attachment":[{"href":"https:\/\/serbenidorm.daliisolutions.com\/index.php\/wp-json\/wp\/v2\/media?parent=5702"}],"wp:term":[{"taxonomy":"category","embeddable":true,"href":"https:\/\/serbenidorm.daliisolutions.com\/index.php\/wp-json\/wp\/v2\/categories?post=5702"},{"taxonomy":"post_tag","embeddable":true,"href":"https:\/\/serbenidorm.daliisolutions.com\/index.php\/wp-json\/wp\/v2\/tags?post=5702"}],"curies":[{"name":"wp","href":"https:\/\/api.w.org\/{rel}","templated":true}]}}