{"id":5745,"date":"2024-06-03T11:23:46","date_gmt":"2024-06-03T09:23:46","guid":{"rendered":"https:\/\/serbenidorm.daliisolutions.com\/index.php\/2024\/06\/03\/piden-seis-anos-de-carcel-para-el-patron-de-una-patera-que-desplazo-a-catorce-personas-de-argelia-a-benidorm\/"},"modified":"2024-06-03T11:23:46","modified_gmt":"2024-06-03T09:23:46","slug":"piden-seis-anos-de-carcel-para-el-patron-de-una-patera-que-desplazo-a-catorce-personas-de-argelia-a-benidorm","status":"publish","type":"post","link":"https:\/\/serbenidorm.daliisolutions.com\/index.php\/2024\/06\/03\/piden-seis-anos-de-carcel-para-el-patron-de-una-patera-que-desplazo-a-catorce-personas-de-argelia-a-benidorm\/","title":{"rendered":"Piden seis a\u00f1os de c\u00e1rcel para el patr\u00f3n de una patera que desplaz\u00f3 a catorce personas de Argelia a Benidorm"},"content":{"rendered":"  <p>Este lunes est\u00e1 previsto el inicio en la Audiencia Provincial de Alicante del juicio al patr\u00f3n de una patera que traslad\u00f3 a 14 personas, entre ellas una mujer con dos menores, desde Argelia hasta Benidorm. Ocurr\u00eda el pasado 4 de febrero.<\/p>   <p>La Fiscal\u00eda mantiene que la barca, de siete metros de eslora y sin equipos de seguridad ni de salvamento, <a href=\"https:\/\/cadenaser.com\/tag\/benidorm\/a\/\" target=\"_blank\" rel=\"noopener\">parti\u00f3 de Tipasa, localidad costera al norte del pa\u00eds africano, sobre las ocho de la tarde del d\u00eda 4 y lleg\u00f3 a la costa alicantina al d\u00eda siguiente de madrugada<\/a>.<\/p>  <p><p>M\u00e1s informaci\u00f3n<\/p><figure><img loading=\"lazy\" decoding=\"async\" src=\"https:\/\/cadenaser.com\/resizer\/v2\/DBSXI7QE2JAPZO6Y6Z6YMDMCIA.jpeg?auth=1843498931e358b7275f674d1d8a6e88f7f291c3c183d479fb157533771dc682&amp;quality=70&amp;width=360&amp;height=202&amp;smart=true\" width=\"820\" height=\"621\" \/><\/figure><ul><li><a href=\"https:\/\/cadenaser.com\/comunitat-valenciana\/2024\/05\/31\/uno-de-los-tiburones-mas-grandes-del-mediterraneo-visita-las-aguas-de-altea-radio-benidorm\/\"><span>Uno de los tiburones m\u00e1s grandes del Mediterr\u00e1neo visita las aguas de Altea<\/span><\/a><\/li><\/ul><\/p>   <p>Para ello los tripulantes habr\u00edan abonado cantidades de entre 2.000 y 5.000 euros a los organizadores del viaje, que no han sido identificados en esta causa.<\/p>   <p>La acusaci\u00f3n p\u00fablica pide para el patr\u00f3n seis a\u00f1os de prisi\u00f3n por un delito contra los derechos de los ciudadanos extranjeros y tres delitos de lesiones, seg\u00fan ha informado el <a href=\"https:\/\/cadenaser.com\/tag\/tsjv_tribunal_superior_justicia_valencia\/a\/\" target=\"_blank\" rel=\"noopener\">Tribunal Superior de Justicia de la Comunitat Valenciana (TSJCV).<\/a><\/p> ","protected":false},"excerpt":{"rendered":"<p>Entre ellos una mujer con dos menores<\/p>\n","protected":false},"author":0,"featured_media":5746,"comment_status":"open","ping_status":"open","sticky":false,"template":"","format":"standard","meta":{"_acf_changed":false,"footnotes":""},"categories":[1],"tags":[],"class_list":["post-5745","post","type-post","status-publish","format-standard","has-post-thumbnail","hentry","category-sin-categoria"],"acf":{"ser_id":"72GSWZH43VBMFPW3UGIERNR4FM","ser_url":"https:\/\/cadenaser.com\/comunitat-valenciana\/2024\/06\/03\/piden-seis-anos-de-carcel-para-el-patron-de-una-patera-que-desplazo-a-catorce-personas-de-argelia-a-benidorm-radio-benidorm\/"},"_links":{"self":[{"href":"https:\/\/serbenidorm.daliisolutions.com\/index.php\/wp-json\/wp\/v2\/posts\/5745","targetHints":{"allow":["GET"]}}],"collection":[{"href":"https:\/\/serbenidorm.daliisolutions.com\/index.php\/wp-json\/wp\/v2\/posts"}],"about":[{"href":"https:\/\/serbenidorm.daliisolutions.com\/index.php\/wp-json\/wp\/v2\/types\/post"}],"replies":[{"embeddable":true,"href":"https:\/\/serbenidorm.daliisolutions.com\/index.php\/wp-json\/wp\/v2\/comments?post=5745"}],"version-history":[{"count":0,"href":"https:\/\/serbenidorm.daliisolutions.com\/index.php\/wp-json\/wp\/v2\/posts\/5745\/revisions"}],"wp:featuredmedia":[{"embeddable":true,"href":"https:\/\/serbenidorm.daliisolutions.com\/index.php\/wp-json\/wp\/v2\/media\/5746"}],"wp:attachment":[{"href":"https:\/\/serbenidorm.daliisolutions.com\/index.php\/wp-json\/wp\/v2\/media?parent=5745"}],"wp:term":[{"taxonomy":"category","embeddable":true,"href":"https:\/\/serbenidorm.daliisolutions.com\/index.php\/wp-json\/wp\/v2\/categories?post=5745"},{"taxonomy":"post_tag","embeddable":true,"href":"https:\/\/serbenidorm.daliisolutions.com\/index.php\/wp-json\/wp\/v2\/tags?post=5745"}],"curies":[{"name":"wp","href":"https:\/\/api.w.org\/{rel}","templated":true}]}}