{"id":5749,"date":"2024-06-03T11:23:47","date_gmt":"2024-06-03T09:23:47","guid":{"rendered":"https:\/\/serbenidorm.daliisolutions.com\/index.php\/2024\/06\/03\/la-aitana-tour-lleno-de-ciclismo-las-carreteras-de-la-marina-baixa\/"},"modified":"2024-06-03T11:23:47","modified_gmt":"2024-06-03T09:23:47","slug":"la-aitana-tour-lleno-de-ciclismo-las-carreteras-de-la-marina-baixa","status":"publish","type":"post","link":"https:\/\/serbenidorm.daliisolutions.com\/index.php\/2024\/06\/03\/la-aitana-tour-lleno-de-ciclismo-las-carreteras-de-la-marina-baixa\/","title":{"rendered":"La Aitana Tour llen\u00f3 de ciclismo las carreteras de la Marina Baixa"},"content":{"rendered":"  <p>Cerca de 900 ciclistas se citaron este domingo en Callosa d\u2019en Sarri\u00e0 para tomar parte en la tercera edici\u00f3n de la Aitana Tour, una de las marchas cicloturistas que m\u00e1s y mejor han crecido en Espa\u00f1a en los \u00faltimos a\u00f1os. Con 155 kil\u00f3metros de recorrido salpicados con las exigentes subidas de los puertos de Confrides, Tudons, Fageca, Petracos, Vall d\u2019Ebo y el Coll de Rates; la propuesta deportiva del evento ten\u00eda todos los elementos para hacer sentir a los participantes que estaban en una gran etapa de La Vuelta a Espa\u00f1a.<\/p>   <p>Con puntualidad brit\u00e1nica, a las siete y media de la ma\u00f1ana del domingo el enorme pelot\u00f3n, encabezado por el dorsal n\u00famero uno del embajador de excepci\u00f3n de la edici\u00f3n de 2024, \u00d3scar Pereiro (ganador del Tour de Francia 2006) part\u00eda desde el Polideportivo de Callosa d\u2019en Sarri\u00e0 para iniciar un periplo que los m\u00e1s r\u00e1pidos completaron en poco menos de seis horas.<\/p>   <p>As\u00ed, pasados pocos minutos de la una de la tarde, comenz\u00f3 el goteo de corredores arribando una vez m\u00e1s al Polideportivo de Callosa, donde se procedi\u00f3 a la entrega de los trofeos y reconocimientos antes de poner punto y final a una apasionante jornada de ciclismo.<\/p>   <p><p><strong>Sigue el canal de Carrusel en WhatsApp<\/strong><br \/>\u00a1Bienvenido al canal de Whatsapp de Carrusel! Toda la emoci\u00f3n del deporte, EN DIRECTO. Dirige Dani Garrido<\/p><a href=\"https:\/\/whatsapp.com\/channel\/0029Va8gTnP3rZZcN6Uzfi1x\" title=\"Suscr\u00edbete\">Suscr\u00edbete ahora<\/a><\/p> ","protected":false},"excerpt":{"rendered":"<p>La cita con salida y meta en Callosa d\u2019en Sarri\u00e0 cont\u00f3 con la participaci\u00f3n de casi 900 corredores<\/p>\n","protected":false},"author":0,"featured_media":5750,"comment_status":"open","ping_status":"open","sticky":false,"template":"","format":"standard","meta":{"_acf_changed":false,"footnotes":""},"categories":[16],"tags":[],"class_list":["post-5749","post","type-post","status-publish","format-standard","has-post-thumbnail","hentry","category-deportes"],"acf":{"ser_id":"M3AJENURXRCFDBWVZM746RDDRU","ser_url":"https:\/\/cadenaser.com\/comunitat-valenciana\/2024\/06\/03\/la-aitana-tour-lleno-de-ciclismo-las-carreteras-de-la-marina-baixa-radio-benidorm\/"},"_links":{"self":[{"href":"https:\/\/serbenidorm.daliisolutions.com\/index.php\/wp-json\/wp\/v2\/posts\/5749","targetHints":{"allow":["GET"]}}],"collection":[{"href":"https:\/\/serbenidorm.daliisolutions.com\/index.php\/wp-json\/wp\/v2\/posts"}],"about":[{"href":"https:\/\/serbenidorm.daliisolutions.com\/index.php\/wp-json\/wp\/v2\/types\/post"}],"replies":[{"embeddable":true,"href":"https:\/\/serbenidorm.daliisolutions.com\/index.php\/wp-json\/wp\/v2\/comments?post=5749"}],"version-history":[{"count":0,"href":"https:\/\/serbenidorm.daliisolutions.com\/index.php\/wp-json\/wp\/v2\/posts\/5749\/revisions"}],"wp:featuredmedia":[{"embeddable":true,"href":"https:\/\/serbenidorm.daliisolutions.com\/index.php\/wp-json\/wp\/v2\/media\/5750"}],"wp:attachment":[{"href":"https:\/\/serbenidorm.daliisolutions.com\/index.php\/wp-json\/wp\/v2\/media?parent=5749"}],"wp:term":[{"taxonomy":"category","embeddable":true,"href":"https:\/\/serbenidorm.daliisolutions.com\/index.php\/wp-json\/wp\/v2\/categories?post=5749"},{"taxonomy":"post_tag","embeddable":true,"href":"https:\/\/serbenidorm.daliisolutions.com\/index.php\/wp-json\/wp\/v2\/tags?post=5749"}],"curies":[{"name":"wp","href":"https:\/\/api.w.org\/{rel}","templated":true}]}}