{"id":5753,"date":"2024-06-03T15:21:57","date_gmt":"2024-06-03T13:21:57","guid":{"rendered":"https:\/\/serbenidorm.daliisolutions.com\/index.php\/2024\/06\/03\/el-cantante-de-la-fumiga-promociona-el-primer-maror-fest-en-la-vila-joiosa-visitando-centros-educativos\/"},"modified":"2024-06-03T15:21:57","modified_gmt":"2024-06-03T13:21:57","slug":"el-cantante-de-la-fumiga-promociona-el-primer-maror-fest-en-la-vila-joiosa-visitando-centros-educativos","status":"publish","type":"post","link":"https:\/\/serbenidorm.daliisolutions.com\/index.php\/2024\/06\/03\/el-cantante-de-la-fumiga-promociona-el-primer-maror-fest-en-la-vila-joiosa-visitando-centros-educativos\/","title":{"rendered":"El cantante de La F\u00famiga promociona el primer Maror Fest en La Vila Joiosa visitando centros educativos"},"content":{"rendered":"  <p>El cantante de La F\u00famiga, Albert Mart\u00ednez, ha presentado el cartel completo de los grupos musicales que actuar\u00e1n en el <a href=\"https:\/\/cadenaser.com\/comunitat-valenciana\/2024\/03\/11\/llega-el-15-de-junio-a-la-vila-joiosa-el-maror-festival-con-musica-pop-y-rock-en-valenciano-y-castellano-radio-benidorm\/\" target=\"_blank\" rel=\"noopener\">Maror Festival<\/a><\/p>   <p>El vocalista de La F\u00famiga tambi\u00e9n ha visitado los tres institutos de educaci\u00f3n secundaria de Villajoyosa, donde ha cantado sus canciones m\u00e1s populares con el alumnado y el profesorado de los centros educativos.<\/p>   <p>El cantante de La F\u00famiga, Albert Mart\u00ednez, ha visitado hoy distintos centros educativos de La Vila Joiosa para promocionar el cartel del Maror Fest que se celebrar\u00e1 en el recinto de La Antoneta el 15 de junio.<\/p>   <p>Mart\u00ednez ha estado junto al<a href=\"https:\/\/cadenaser.com\/comunitat-valenciana\/2024\/01\/11\/cambios-en-el-gobierno-de-la-vila-joiosa-se-crean-las-concejalias-de-bienestar-animal-y-ciudad-inteligente-y-desaparece-la-de-casco-historico-radio-benidorm\/\" target=\"_blank\" rel=\"noopener\"> edil de Juventud, Carlos Soler,<\/a> en <a href=\"\/\/radiobenidorm.es\" rel=\"nofollow noopener\" target=\"_blank\">Hoy por Hoy Benidorm <\/a>para dar a conocer el cartel del festival y animar a los vileros y vecinos de la Marina Baixa a disfrutar de \u201cocho horas de m\u00fasica y animaci\u00f3n\u201d.<\/p>   <p>El espect\u00e1culo arrancar\u00e1 en la playa de la Antoneta a las 18:00 horas con sesiones de dj y empezar\u00e1n las actuaciones en directo con el grupo local Bultacos a las 19:00 horas. A las 20:00 horas, ser\u00e1 el turno de Jazzwoman, Ciudad Jara actuar\u00e1 a las 21:30, el grupo Maluks a las 22:45 horas, La F\u00famiga actuar\u00e1 a las 23:45 horas y cerrar\u00e1 la noche Niuss a la 1:00 de la madrugada.<\/p>   <p>     .c-w{         max-width:444px;         width:100%;         margin:16px auto;      background:#00755E;         border-radius:4px;         display:flex;         align-items:center;         justify-content:center;     }     .c-w a{         display:flex;         align-items:center;         justify-content:center;         padding:4px 24px;     }     .c-w img{         width:24px;         margin-right:12px;     }     .c-w p{         font:18px\/25px Poppins;         text-align:center;         color:#fff;         margin:0;     }     @media (max-width:444px){         .c-w a{             padding:4px 12px;         }         .c-w img{             width:24px;             margin-right:8px;         }         .c-w p{             font:14px\/25px Poppins;         }     }     @media (max-width:335px){         .c-w p{             font:13px\/25px Poppins;         }     }  <div class=\"c-w\">     <a href=\"https:\/\/www.whatsapp.com\/channel\/0029Va633PF9WtC4l7XUzh1e\" target=\"_blank\" rel=\"noopener\">         <img decoding=\"async\" src=\"https:\/\/cadenaser.com\/estaticos\/recursosgraficos\/responsive\/img\/ico-whatsapp.svg\" alt=\"Whatsapp\">         <p>\u00danete al <b>canal de WhatsApp<\/b> de la SER<\/p>     <\/a> <\/div><\/p>   <p>El festival de m\u00fasica pop rock contar\u00e1 con dos escenarios, adem\u00e1s de un servicio de restauraci\u00f3n con la primera edici\u00f3n de La Vila Street Food Market, que se instalar\u00e1 en el mismo recinto desde el jueves 13 de junio.<\/p>   <p>El cantante de La F\u00famiga, Albert Mart\u00ednez, se ha congratulado de volver a actuar en La Vila Joiosa y ha destacado que su actuaci\u00f3n en el Maror Festival \u201ces el \u00fanico concierto que ofrecer\u00e1 este a\u00f1o La F\u00famiga en la Marina Baixa\u201d.<\/p>   <p>Posteriormente, el vocalista ha recorrido los institutos de educaci\u00f3n secundaria Marcos Zaragoza, La Malladeta y Marina Baixa, junto con el concejal de <a href=\"https:\/\/cadenaser.com\/audio\/1696597283335\/\" target=\"_blank\" rel=\"noopener\">Juventud, Carlos Soler,<\/a> donde ha charlado y ha cantado sus canciones m\u00e1s exitosas con el alumnado y profesorado de los centros educativos.<\/p>   <p>El Maror Festival se enmarca dentro de una propuesta de ocio de fin de semana del jueves 13 al domingo 16 de junio, ya que el festival de m\u00fasica convivir\u00e1 con un programa en paralelo de actuaciones musicales gratuitas en la playa de la Antoneta.<\/p> ","protected":false},"excerpt":{"rendered":"<p>El recinto de la Antoneta acoger\u00e1 el Street Food Market y el Maror Fest del 13 al 16 de junio  <\/p>\n","protected":false},"author":0,"featured_media":5754,"comment_status":"open","ping_status":"open","sticky":false,"template":"","format":"standard","meta":{"_acf_changed":false,"footnotes":""},"categories":[1],"tags":[],"class_list":["post-5753","post","type-post","status-publish","format-standard","has-post-thumbnail","hentry","category-sin-categoria"],"acf":{"ser_id":"MKGG4EBUKBDNBPLPVEHWTI2TJI","ser_url":"https:\/\/cadenaser.com\/comunitat-valenciana\/2024\/06\/03\/el-cantante-de-la-fumiga-promociona-el-primer-maror-fest-en-la-vila-joiosa-visitando-centros-educativos-radio-benidorm\/"},"_links":{"self":[{"href":"https:\/\/serbenidorm.daliisolutions.com\/index.php\/wp-json\/wp\/v2\/posts\/5753","targetHints":{"allow":["GET"]}}],"collection":[{"href":"https:\/\/serbenidorm.daliisolutions.com\/index.php\/wp-json\/wp\/v2\/posts"}],"about":[{"href":"https:\/\/serbenidorm.daliisolutions.com\/index.php\/wp-json\/wp\/v2\/types\/post"}],"replies":[{"embeddable":true,"href":"https:\/\/serbenidorm.daliisolutions.com\/index.php\/wp-json\/wp\/v2\/comments?post=5753"}],"version-history":[{"count":0,"href":"https:\/\/serbenidorm.daliisolutions.com\/index.php\/wp-json\/wp\/v2\/posts\/5753\/revisions"}],"wp:featuredmedia":[{"embeddable":true,"href":"https:\/\/serbenidorm.daliisolutions.com\/index.php\/wp-json\/wp\/v2\/media\/5754"}],"wp:attachment":[{"href":"https:\/\/serbenidorm.daliisolutions.com\/index.php\/wp-json\/wp\/v2\/media?parent=5753"}],"wp:term":[{"taxonomy":"category","embeddable":true,"href":"https:\/\/serbenidorm.daliisolutions.com\/index.php\/wp-json\/wp\/v2\/categories?post=5753"},{"taxonomy":"post_tag","embeddable":true,"href":"https:\/\/serbenidorm.daliisolutions.com\/index.php\/wp-json\/wp\/v2\/tags?post=5753"}],"curies":[{"name":"wp","href":"https:\/\/api.w.org\/{rel}","templated":true}]}}