{"id":5755,"date":"2024-06-03T15:21:58","date_gmt":"2024-06-03T13:21:58","guid":{"rendered":"https:\/\/serbenidorm.daliisolutions.com\/index.php\/2024\/06\/03\/el-sector-turistico-arranca-la-temporada-estival-con-perspectivas-de-mantener-o-superar-los-niveles-de-ocupacion-del-verano-de-2023\/"},"modified":"2024-06-03T15:21:58","modified_gmt":"2024-06-03T13:21:58","slug":"el-sector-turistico-arranca-la-temporada-estival-con-perspectivas-de-mantener-o-superar-los-niveles-de-ocupacion-del-verano-de-2023","status":"publish","type":"post","link":"https:\/\/serbenidorm.daliisolutions.com\/index.php\/2024\/06\/03\/el-sector-turistico-arranca-la-temporada-estival-con-perspectivas-de-mantener-o-superar-los-niveles-de-ocupacion-del-verano-de-2023\/","title":{"rendered":"El sector tur\u00edstico arranca la temporada estival con perspectivas de mantener o superar los niveles de ocupaci\u00f3n del verano de 2023"},"content":{"rendered":"  <p>El sector tur\u00edstico de la provincia de Alicante arranca la temporada estival con unas previsiones de ocupaci\u00f3n similares a las del a\u00f1o pasado y, como es habitual, pendientes de las reservas de \u00faltima hora del cliente nacional. <\/p>   <p>2023 dej\u00f3 ocupaciones entre el 77,5 y el 91% de junio a agosto en la Costa Blanca y del 86 y el 92% en los tres meses de verano en Benidorm. <\/p>   <p><p>M\u00e1s informaci\u00f3n<\/p><ul><li><a href=\"https:\/\/cadenaser.com\/comunitat-valenciana\/2024\/05\/29\/el-turismo-la-gallina-de-los-huevos-de-oro-radio-alicante\/\"><span>El turismo&#8230; \u00bfla gallina de los huevos de oro?<\/span><\/a><\/li><\/ul><\/p>   <p>Eso s\u00ed, tanto hoteles, apartamentos tur\u00edsticos como campings, ponen en valor el hecho de poder trabajar durante todo el a\u00f1o y estirar las temporadas gracias a la desestacionalizaci\u00f3n del destino tur\u00edstico. Precisamente, ese el objetivo del sector, poder mantener la actividad y dar al turista la mejor oferta de alojamiento. <\/p>   <p>Desde la patronal hotelera <a href=\"https:\/\/hosbec.com\/\" rel=\"nofollow noopener\" target=\"_blank\">HOSBEC<\/a> se\u00f1alan que \u00abel ritmo de reservas todav\u00eda est\u00e1 con mucho margen de mejora\u00bb, con los meses de julio y agosto con perspectivas parecidas a las del a\u00f1o pasado y con un buen comportamiento en junio y septiembre en cuanto a reservas confirmadas. <\/p>   <p>Su secretaria general, Mayte Garc\u00eda, explica que Benidorm y destinos costeros como Calpe, Altea, Torrevieja o la Playa de San Juan tendr\u00e1n momentos durante el verano en los que colgar\u00e1n el cartel de completos. Destaca que adem\u00e1s del cliente brit\u00e1nico, el predominante en Benidorm, est\u00e1n teniendo un auge del mercado portugu\u00e9s, polaco y estadounidense. <\/p>   <p>     .c-w{         max-width:444px;         width:100%;         margin:16px auto;      background:#00755E;         border-radius:4px;         display:flex;         align-items:center;         justify-content:center;     }     .c-w a{         display:flex;         align-items:center;         justify-content:center;         padding:4px 24px;     }     .c-w img{         width:24px;         margin-right:12px;     }     .c-w p{         font:18px\/25px Poppins;         text-align:center;         color:#fff;         margin:0;     }     @media (max-width:444px){         .c-w a{             padding:4px 12px;         }         .c-w img{             width:24px;             margin-right:8px;         }         .c-w p{             font:14px\/25px Poppins;         }     }     @media (max-width:335px){         .c-w p{             font:13px\/25px Poppins;         }     }  <div class=\"c-w\">     <a href=\"https:\/\/www.whatsapp.com\/channel\/0029Va633PF9WtC4l7XUzh1e\" target=\"_blank\" rel=\"noopener\">         <img decoding=\"async\" src=\"https:\/\/cadenaser.com\/estaticos\/recursosgraficos\/responsive\/img\/ico-whatsapp.svg\" alt=\"Whatsapp\">         <p>\u00danete al <b>canal de WhatsApp<\/b> de la SER<\/p>     <\/a> <\/div><\/p>   <p>Con respecto a los precios de las habitaciones, indica que en la Comunidad Valenciana y la provincia de Alicante las subidas con motivo del aumento de costes y las materias primas ser\u00e1n \u00abmoderadas\u00bb entre un 4 y un 8%. <\/p>  <p><p class=\"tit\"><span>Mayte Garc\u00eda, secretaria general de HOSBEC: \u00abEl ritmo de reservas todav\u00eda tiene margen de mejora\u00bb<\/span><\/p> <p class=\"emb\"><iframe loading=\"lazy\" src=\"https:\/\/cadenaser.com\/embed\/audio\/460\/1717334231710\/\" width=\"100%\" height=\"360\" frameborder=\"0\" allowfullscreen><\/iframe><\/p><\/p>   <p>Por su parte, desde la Asociaci\u00f3n de Apartamentos Tur\u00edsticos de la Comunitat  Valenciana, <a href=\"https:\/\/www.aptur.org\/\" rel=\"nofollow noopener\" target=\"_blank\">APTUR<\/a>, tambi\u00e9n manejan previsiones similares a las de 2023 y ahora mismo cuentan con un 60% de reservas confirmadas, la mayor\u00eda de ellas no reembolsables.<\/p>   <p>Silvia Blasco, presidenta de APTUR, explica que 2023 fue el a\u00f1o de la consolidaci\u00f3n y la normalizaci\u00f3n tras la explosi\u00f3n del verano de 2022 tras la pandemia. Reconoce que las conductas y patrones han cambiado y es por ello que el cliente nacional se espera hasta el \u00faltimo instante para reservar las vacaciones.<\/p>   <p>Sobre los precios, recuerda que el a\u00f1o pasado los gestores de las viviendas vacacionales ya tomaron la decisi\u00f3n de no repercutir en las reservas el aumento de los costes y que este a\u00f1o \u00abno ser\u00e1 distinto\u00bb. \u00abEs verdad que nosotros tendremos un nivel de facturaci\u00f3n igual que el a\u00f1o pasado pero los costes nos suben, hemos decidido que no repercutimos en precios, no vamos a da\u00f1ar a quien nos da de comer, queremos seguir siendo opci\u00f3n asequible para que nos elijan como modalidad vacacional\u00bb declara. <\/p>  <p><p class=\"tit\"><span>Silvia Blasco, presidenta de APTUR: \u00abTenemos unas previsiones similares al a\u00f1o pasado\u00bb<\/span><\/p> <p class=\"emb\"><iframe loading=\"lazy\" src=\"https:\/\/cadenaser.com\/embed\/audio\/460\/1717334280798\/\" width=\"100%\" height=\"360\" frameborder=\"0\" allowfullscreen><\/iframe><\/p><\/p>   <p>Por otro lado, desde la <a href=\"https:\/\/www.campingsalicante.es\/\" rel=\"nofollow noopener\" target=\"_blank\">Asociaci\u00f3n de Campings de la Provincia de Alicante <\/a>tambi\u00e9n muestran su optimismo de cara a este verano ya que, ahora mismo, se encuentran seis puntos por encima con respecto al a\u00f1o pasado.<\/p>   <p>Su presidente, Sergio G\u00f3mez, recuerda que los campings de la Comunitat  Valenciana junto a los de Catalu\u00f1a son referentes a nivel nacional gracias a las propuestas de\u00a0valor de caba\u00f1as y bungalows y la oferta de grandes piscinas y animaci\u00f3n para las familias.<\/p>   <p>Reconoce que el invierno ha sido muy bueno, siendo Alicante el destino preferido para los clientes europeos de caravana y autocaravana de larga estancia.<\/p>  <p><p class=\"tit\"><span>Sergio G\u00f3mez, presidente de la Asociaci\u00f3n Provincial de C\u00e1mpings de Alicante: \u00abEstamos seis puntos por encima del a\u00f1o pasado\u00bb<\/span><\/p> <p class=\"emb\"><iframe loading=\"lazy\" src=\"https:\/\/cadenaser.com\/embed\/audio\/460\/1717334317979\/\" width=\"100%\" height=\"360\" frameborder=\"0\" allowfullscreen><\/iframe><\/p><\/p> ","protected":false},"excerpt":{"rendered":"<p>2023 dej\u00f3 ocupaciones entre el 77,5 y el 91% de junio a agosto en la Costa Blanca y del 86 y el 92% en los tres meses de verano en Benidorm<\/p>\n","protected":false},"author":0,"featured_media":5756,"comment_status":"open","ping_status":"open","sticky":false,"template":"","format":"standard","meta":{"_acf_changed":false,"footnotes":""},"categories":[1],"tags":[],"class_list":["post-5755","post","type-post","status-publish","format-standard","has-post-thumbnail","hentry","category-sin-categoria"],"acf":{"ser_id":"Y3COO4NU55AMTI3U4EYUUCG2RI","ser_url":"https:\/\/cadenaser.com\/comunitat-valenciana\/2024\/06\/02\/el-sector-turistico-arranca-la-temporada-estival-con-perspectivas-de-mantener-o-superar-los-niveles-de-ocupacion-del-verano-de-2023-radio-alicante\/"},"_links":{"self":[{"href":"https:\/\/serbenidorm.daliisolutions.com\/index.php\/wp-json\/wp\/v2\/posts\/5755","targetHints":{"allow":["GET"]}}],"collection":[{"href":"https:\/\/serbenidorm.daliisolutions.com\/index.php\/wp-json\/wp\/v2\/posts"}],"about":[{"href":"https:\/\/serbenidorm.daliisolutions.com\/index.php\/wp-json\/wp\/v2\/types\/post"}],"replies":[{"embeddable":true,"href":"https:\/\/serbenidorm.daliisolutions.com\/index.php\/wp-json\/wp\/v2\/comments?post=5755"}],"version-history":[{"count":0,"href":"https:\/\/serbenidorm.daliisolutions.com\/index.php\/wp-json\/wp\/v2\/posts\/5755\/revisions"}],"wp:featuredmedia":[{"embeddable":true,"href":"https:\/\/serbenidorm.daliisolutions.com\/index.php\/wp-json\/wp\/v2\/media\/5756"}],"wp:attachment":[{"href":"https:\/\/serbenidorm.daliisolutions.com\/index.php\/wp-json\/wp\/v2\/media?parent=5755"}],"wp:term":[{"taxonomy":"category","embeddable":true,"href":"https:\/\/serbenidorm.daliisolutions.com\/index.php\/wp-json\/wp\/v2\/categories?post=5755"},{"taxonomy":"post_tag","embeddable":true,"href":"https:\/\/serbenidorm.daliisolutions.com\/index.php\/wp-json\/wp\/v2\/tags?post=5755"}],"curies":[{"name":"wp","href":"https:\/\/api.w.org\/{rel}","templated":true}]}}