{"id":5757,"date":"2024-06-03T15:22:01","date_gmt":"2024-06-03T13:22:01","guid":{"rendered":"https:\/\/serbenidorm.daliisolutions.com\/index.php\/2024\/06\/03\/aurora-tur-se-suma-al-proyecto-del-medsur-finestrat\/"},"modified":"2024-06-03T15:22:01","modified_gmt":"2024-06-03T13:22:01","slug":"aurora-tur-se-suma-al-proyecto-del-medsur-finestrat","status":"publish","type":"post","link":"https:\/\/serbenidorm.daliisolutions.com\/index.php\/2024\/06\/03\/aurora-tur-se-suma-al-proyecto-del-medsur-finestrat\/","title":{"rendered":"Aurora Tur se suma al proyecto del Medsur-Finestrat"},"content":{"rendered":"  <p>El Club Voleibol Finestrat ha anunciado la llegada de Aurora Tur para reforzar la plantilla del Medsur-Finestrat en la que ser\u00e1 la segunda campa\u00f1a consecutiva de las de Juanvi Llinares en la Superliga 2 femenina. Con s\u00f3lo 24 a\u00f1os, Tur sumar\u00e1 su sexta temporada en la categor\u00eda de plata del v\u00f3ley nacional, una experiencia a la que hay que sumar la acumulada en la m\u00e1xima categor\u00eda durante la temporada 2021-2022.<\/p>   <p>En la reci\u00e9n terminada campa\u00f1a, Aurora Tur alcanz\u00f3 la fase de ascenso a la m\u00e1xima categor\u00eda con el Cartagena, erigi\u00e9ndose como la mejor receptora de ese tramo de la competici\u00f3n. Sumados los conseguidos en la fase de ascenso y en la liga regular, Tur super\u00f3 la pasada temporada los 300 puntos, lo que la convierte en un refuerzo de primer\u00edsimo nivel para el nuevo proyecto finestratense, que aspirar\u00e1 ya en este segundo a\u00f1o a mucho m\u00e1s que a conseguir la permanencia.<\/p>   <p><p><strong>Sigue el canal de Carrusel en WhatsApp<\/strong><br \/>\u00a1Bienvenido al canal de Whatsapp de Carrusel! Toda la emoci\u00f3n del deporte, EN DIRECTO. Dirige Dani Garrido<\/p><a href=\"https:\/\/whatsapp.com\/channel\/0029Va8gTnP3rZZcN6Uzfi1x\" title=\"Suscr\u00edbete\">Suscr\u00edbete ahora<\/a><\/p> ","protected":false},"excerpt":{"rendered":"<p>Con s\u00f3lo 24 a\u00f1os disputar\u00e1 su sexta temporada en la categor\u00eda de plata del voleibol nacional<\/p>\n","protected":false},"author":0,"featured_media":5758,"comment_status":"open","ping_status":"open","sticky":false,"template":"","format":"standard","meta":{"_acf_changed":false,"footnotes":""},"categories":[16],"tags":[],"class_list":["post-5757","post","type-post","status-publish","format-standard","has-post-thumbnail","hentry","category-deportes"],"acf":{"ser_id":"3ECMB53HKFD6NEKQRCIEKPBQKI","ser_url":"https:\/\/cadenaser.com\/comunitat-valenciana\/2024\/06\/03\/aurora-tur-se-suma-al-proyecto-del-medsur-finestrat-radio-benidorm\/"},"_links":{"self":[{"href":"https:\/\/serbenidorm.daliisolutions.com\/index.php\/wp-json\/wp\/v2\/posts\/5757","targetHints":{"allow":["GET"]}}],"collection":[{"href":"https:\/\/serbenidorm.daliisolutions.com\/index.php\/wp-json\/wp\/v2\/posts"}],"about":[{"href":"https:\/\/serbenidorm.daliisolutions.com\/index.php\/wp-json\/wp\/v2\/types\/post"}],"replies":[{"embeddable":true,"href":"https:\/\/serbenidorm.daliisolutions.com\/index.php\/wp-json\/wp\/v2\/comments?post=5757"}],"version-history":[{"count":0,"href":"https:\/\/serbenidorm.daliisolutions.com\/index.php\/wp-json\/wp\/v2\/posts\/5757\/revisions"}],"wp:featuredmedia":[{"embeddable":true,"href":"https:\/\/serbenidorm.daliisolutions.com\/index.php\/wp-json\/wp\/v2\/media\/5758"}],"wp:attachment":[{"href":"https:\/\/serbenidorm.daliisolutions.com\/index.php\/wp-json\/wp\/v2\/media?parent=5757"}],"wp:term":[{"taxonomy":"category","embeddable":true,"href":"https:\/\/serbenidorm.daliisolutions.com\/index.php\/wp-json\/wp\/v2\/categories?post=5757"},{"taxonomy":"post_tag","embeddable":true,"href":"https:\/\/serbenidorm.daliisolutions.com\/index.php\/wp-json\/wp\/v2\/tags?post=5757"}],"curies":[{"name":"wp","href":"https:\/\/api.w.org\/{rel}","templated":true}]}}