{"id":5772,"date":"2024-06-04T07:15:04","date_gmt":"2024-06-04T05:15:04","guid":{"rendered":"https:\/\/serbenidorm.daliisolutions.com\/index.php\/2024\/06\/04\/benidorm-incorpora-los-refuerzos-de-limpieza-socorrismo-y-seguridad-en-las-playas-por-la-temporada\/"},"modified":"2024-06-04T07:15:04","modified_gmt":"2024-06-04T05:15:04","slug":"benidorm-incorpora-los-refuerzos-de-limpieza-socorrismo-y-seguridad-en-las-playas-por-la-temporada","status":"publish","type":"post","link":"https:\/\/serbenidorm.daliisolutions.com\/index.php\/2024\/06\/04\/benidorm-incorpora-los-refuerzos-de-limpieza-socorrismo-y-seguridad-en-las-playas-por-la-temporada\/","title":{"rendered":"Benidorm incorpora los refuerzos de limpieza, socorrismo y seguridad en las playas por la temporada"},"content":{"rendered":"  <p>Las playas de Benidorm cuenta desde este fin de semana y hasta el pr\u00f3ximo 30 de septiembre con un refuerzo especial de los servicios con motivo de la temporada alta. 44 efectivos velar\u00e1n por la seguridad en playas y litoral.<\/p>   <p>Desde este pasado s\u00e1bado se ha incorporado nuevos efectivos a los servicios de limpieza, socorrismo y seguridad y se ampl\u00edan los horarios tal y como ha explicado a <a href=\"https:\/\/cadenaser.com\/comunitat-valenciana\/2022\/05\/23\/monica-gomez-defiende-la-calidad-y-las-inversiones-en-las-playas-de-benidorm-radio-benidorm\/\" target=\"_blank\" rel=\"noopener\">Hoy por Hoy Benidorm<\/a> la edil de<a href=\"https:\/\/cadenaser.com\/comunitat-valenciana\/2022\/05\/23\/monica-gomez-defiende-la-calidad-y-las-inversiones-en-las-playas-de-benidorm-radio-benidorm\/\" target=\"_blank\" rel=\"noopener\"> Playas y Medio Ambiente, M\u00f3nica G\u00f3mez. <\/a>\u201cAunque nuestras playas son de las pocas de todo el litoral espa\u00f1ol que mantienen durante los doce meses del a\u00f1o estos servicios, en temporada estival se incrementan notablemente tanto en plantilla como en medios t\u00e9cnicos y materiales ante la elevada afluencia de turistas\u201d, ha indicado.<\/p>   <p>El horario del salvamento y socorrismo se amplia en junio de 10:00 a 19:00 horas y de 09:00 a 20:00 horas durante los meses de julio, agosto y septiembre. Diariamente habr\u00e1 nueve socorristas en la <a href=\"https:\/\/cadenaser.com\/comunitat-valenciana\/2024\/05\/07\/estas-son-las-11-playas-de-la-marina-baixa-con-bandera-azul-este-2024-benidorm-recupera-dos-y-la-vila-joiosa-se-lleva-la-palma-radio-benidorm\/\" target=\"_blank\" rel=\"noopener\">playa de Levante, nueve en la de Poniente, dos socorristas en la playa del Mal Pas, uno en la Cala del Ti Ximo y otro en la de l\u2019Almadrava.<\/a><\/p>   <p>Los 5 puestos de socorro de las playas estar\u00e1n atendidos por cinco enfermeros y tambi\u00e9n habr\u00e1 un jefe de playas y un coordinador que reforzar\u00e1n las labores de vigilancia por tierra, as\u00ed como una lancha de salvamento, con un patr\u00f3n y un rescatador, para patrullar por el mar. Las playas tambi\u00e9n dispondr\u00e1n de otros cuatro efectivos para 4 ambulancias en servicio.<\/p>   <p>A ellos se suman otros nueve <a href=\"https:\/\/cadenaser.com\/comunitat-valenciana\/2024\/05\/07\/los-socorristas-de-las-playas-de-benidorm-reclaman-banos-y-puestos-de-vigilancia-cubiertos-radio-benidorm\/\" target=\"_blank\" rel=\"noopener\">socorristas para prestar servicio <\/a>en los tres puntos de playas accesibles: tres en el de Levante, tres en el del Parque de Elche y otros tres en el de La Cala en horario de 9:30 a 18:30 horas.<\/p>   <p>     .c-w{         max-width:444px;         width:100%;         margin:16px auto;      background:#00755E;         border-radius:4px;         display:flex;         align-items:center;         justify-content:center;     }     .c-w a{         display:flex;         align-items:center;         justify-content:center;         padding:4px 24px;     }     .c-w img{         width:24px;         margin-right:12px;     }     .c-w p{         font:18px\/25px Poppins;         text-align:center;         color:#fff;         margin:0;     }     @media (max-width:444px){         .c-w a{             padding:4px 12px;         }         .c-w img{             width:24px;             margin-right:8px;         }         .c-w p{             font:14px\/25px Poppins;         }     }     @media (max-width:335px){         .c-w p{             font:13px\/25px Poppins;         }     }  <div class=\"c-w\">     <a href=\"https:\/\/www.whatsapp.com\/channel\/0029Va633PF9WtC4l7XUzh1e\" target=\"_blank\" rel=\"noopener\">         <img decoding=\"async\" src=\"https:\/\/cadenaser.com\/estaticos\/recursosgraficos\/responsive\/img\/ico-whatsapp.svg\" alt=\"Whatsapp\">         <p>\u00danete al <b>canal de WhatsApp<\/b> de la SER<\/p>     <\/a> <\/div><\/p>   <p>Asimismo la presencia policial aumentar\u00e1 en las playas y su entorno durante los meses estivales. A los 30 agentes que componen la Secci\u00f3n de Playas de la Polic\u00eda Local se suma un refuerzo del 30% de efectivos en cada uno de los turnos y los refuerzos que tambi\u00e9n tiene previstos el Cuerpo Nacional de Polic\u00eda durante la campa\u00f1a de verano.<\/p>   <p>En lo que respecta al servicio de limpieza, se van a incrementar los medios humanos hasta alcanzar las 24 personas y trabajar\u00e1n en dos turnos de limpieza manual en las tres playas: uno de ma\u00f1ana, de 06.00 a 12.30 horas y otro de noche, de 20.30 a 02.30 horas.<\/p> ","protected":false},"excerpt":{"rendered":"<p>La edil de Playas, M\u00f3nica G\u00f3mez,  explica que 44 efectivos velar\u00e1n por la seguridad en playas y litoral.<\/p>\n","protected":false},"author":0,"featured_media":5773,"comment_status":"open","ping_status":"open","sticky":false,"template":"","format":"standard","meta":{"_acf_changed":false,"footnotes":""},"categories":[1],"tags":[],"class_list":["post-5772","post","type-post","status-publish","format-standard","has-post-thumbnail","hentry","category-sin-categoria"],"acf":{"ser_id":"I4K7HKQIS5GE5EBHFNDGQEPJKI","ser_url":"https:\/\/cadenaser.com\/comunitat-valenciana\/2024\/06\/03\/benidorm-incorpora-los-refuerzos-de-limpieza-socorrismo-y-seguridad-en-las-playas-por-la-temporada-radio-benidorm\/"},"_links":{"self":[{"href":"https:\/\/serbenidorm.daliisolutions.com\/index.php\/wp-json\/wp\/v2\/posts\/5772","targetHints":{"allow":["GET"]}}],"collection":[{"href":"https:\/\/serbenidorm.daliisolutions.com\/index.php\/wp-json\/wp\/v2\/posts"}],"about":[{"href":"https:\/\/serbenidorm.daliisolutions.com\/index.php\/wp-json\/wp\/v2\/types\/post"}],"replies":[{"embeddable":true,"href":"https:\/\/serbenidorm.daliisolutions.com\/index.php\/wp-json\/wp\/v2\/comments?post=5772"}],"version-history":[{"count":0,"href":"https:\/\/serbenidorm.daliisolutions.com\/index.php\/wp-json\/wp\/v2\/posts\/5772\/revisions"}],"wp:featuredmedia":[{"embeddable":true,"href":"https:\/\/serbenidorm.daliisolutions.com\/index.php\/wp-json\/wp\/v2\/media\/5773"}],"wp:attachment":[{"href":"https:\/\/serbenidorm.daliisolutions.com\/index.php\/wp-json\/wp\/v2\/media?parent=5772"}],"wp:term":[{"taxonomy":"category","embeddable":true,"href":"https:\/\/serbenidorm.daliisolutions.com\/index.php\/wp-json\/wp\/v2\/categories?post=5772"},{"taxonomy":"post_tag","embeddable":true,"href":"https:\/\/serbenidorm.daliisolutions.com\/index.php\/wp-json\/wp\/v2\/tags?post=5772"}],"curies":[{"name":"wp","href":"https:\/\/api.w.org\/{rel}","templated":true}]}}