{"id":5774,"date":"2024-06-04T07:15:07","date_gmt":"2024-06-04T05:15:07","guid":{"rendered":"https:\/\/serbenidorm.daliisolutions.com\/index.php\/2024\/06\/04\/benidorm-unica-parada-de-pablo-lopez-este-verano-en-la-provincia\/"},"modified":"2024-06-04T07:15:07","modified_gmt":"2024-06-04T05:15:07","slug":"benidorm-unica-parada-de-pablo-lopez-este-verano-en-la-provincia","status":"publish","type":"post","link":"https:\/\/serbenidorm.daliisolutions.com\/index.php\/2024\/06\/04\/benidorm-unica-parada-de-pablo-lopez-este-verano-en-la-provincia\/","title":{"rendered":"Benidorm, \u00fanica parada de Pablo L\u00f3pez este verano en la provincia"},"content":{"rendered":"  <p>Pablo L\u00f3pez se prepara para encender la capital tur\u00edstica de la Comunitat Valenciana el pr\u00f3ximo mi\u00e9rcoles 7 de agosto con un concierto que promete ser inolvidable. <a href=\"https:\/\/cadenaser.com\/tag\/benidorm\/a\/\" target=\"_blank\" rel=\"noopener\">El evento del festival Benidorm Goldest, que se llevar\u00e1 a cabo en el auditorio Julio Iglesias de Benidorm, se enmarca dentro de su exitosa gira &#8216;Unikornio&#8217;<\/a>.<\/p>   <p>El artista malague\u00f1o, conocido por su habilidad para fusionar la intensidad emocional con melod\u00edas envolventes, ha capturado los corazones de miles de seguidores alrededor del mundo. Con una carrera que ha ido en constante ascenso desde su participaci\u00f3n en el programa \u00abOperaci\u00f3n Triunfo\u00bb, L\u00f3pez ha demostrado ser uno de los artistas m\u00e1s vers\u00e1tiles y queridos de la escena musical espa\u00f1ola.<\/p>  <p><p>M\u00e1s informaci\u00f3n<\/p><figure><img loading=\"lazy\" decoding=\"async\" src=\"https:\/\/cadenaser.com\/resizer\/v2\/J56OGMKJM5CUBG64Q5RYPB32R4.PNG?auth=81d34de6a05acaf175c81d4034962abcc470e3075e5ce8b6eaaa25725a371c23&amp;quality=70&amp;width=360&amp;height=202&amp;smart=true\" width=\"820\" height=\"621\" \/><\/figure><ul><li><a href=\"https:\/\/cadenaser.com\/nacional\/2024\/02\/21\/pablo-lopez-mis-canciones-tienen-forma-sexo-y-hasta-me-miran-cadena-ser\/\"><span>Pablo L\u00f3pez: \u00abMis canciones tienen forma, sexo y hasta me miran\u00bb<\/span><\/a><\/li><\/ul><\/p>   <p>Este concierto, el \u00fanico del cantante en la provincia de Alicante, no solo ser\u00e1 una oportunidad para disfrutar de los \u00e9xitos m\u00e1s emblem\u00e1ticos del cantante, como \u00abEl Patio\u00bb y \u00abLo Saben Mis Zapatos\u00bb, sino tambi\u00e9n para vivir en directo las nuevas canciones de su m\u00e1s reciente \u00e1lbum. <\/p>   <p>Entradas a la venta<\/p>   <p>Las entradas para el concierto ya est\u00e1n a la venta y se espera una gran afluencia de p\u00fablico. Los organizadores han preparado adem\u00e1s un despliegue t\u00e9cnico y log\u00edstico a la altura de un artista de la talla de Pablo L\u00f3pez garantizando un espect\u00e1culo que quede grabado en la memoria de todos los asistentes.<\/p>   <p>Para m\u00e1s informaci\u00f3n y compra de entradas, visita la <a href=\"https:\/\/alicantegoldest.com\/benidorm\/\" rel=\"nofollow noopener\" target=\"_blank\">p\u00e1gina web oficial del festival<\/a> Benidorm Goldest.<\/p>   <p>     .c-w{         max-width:444px;         width:100%;         margin:16px auto;      background:#00755E;         border-radius:4px;         display:flex;         align-items:center;         justify-content:center;     }     .c-w a{         display:flex;         align-items:center;         justify-content:center;         padding:4px 24px;     }     .c-w img{         width:24px;         margin-right:12px;     }     .c-w p{         font:18px\/25px Poppins;         text-align:center;         color:#fff;         margin:0;     }     @media (max-width:444px){         .c-w a{             padding:4px 12px;         }         .c-w img{             width:24px;             margin-right:8px;         }         .c-w p{             font:14px\/25px Poppins;         }     }     @media (max-width:335px){         .c-w p{             font:13px\/25px Poppins;         }     }  <div class=\"c-w\">     <a href=\"https:\/\/www.whatsapp.com\/channel\/0029Va633PF9WtC4l7XUzh1e\" target=\"_blank\" rel=\"noopener\">         <img decoding=\"async\" src=\"https:\/\/cadenaser.com\/estaticos\/recursosgraficos\/responsive\/img\/ico-whatsapp.svg\" alt=\"Whatsapp\">         <p>\u00danete al <b>canal de WhatsApp<\/b> de la SER<\/p>     <\/a> <\/div><\/p>  <p><figure><img loading=\"lazy\" decoding=\"async\" src=\"https:\/\/cadenaser.com\/resizer\/v2\/35PUJNA73NH3JOT3WB45HNIQMM.jpg?auth=471a9f41750896493c56f2d7c1ed18a1bf4899e067d77dfcfcc7e803db1004e6&amp;quality=70&amp;width=360&amp;height=202&amp;smart=true\" alt=\"De Pablo L\u00f3pez a Pimpinela, estos ser\u00e1n los conciertos del Benidorm Goldest este verano\" width=\"240\" height=\"135\" \/><\/figure><div><a href=\"https:\/\/cadenaser.com\/comunitat-valenciana\/2024\/04\/10\/de-pablo-lopez-a-pimpinela-estos-seran-los-conciertos-del-alicante-goldest-este-verano-en-benidorm-radio-benidorm\/\">De Pablo L\u00f3pez a Pimpinela, estos ser\u00e1n los conciertos del Benidorm Goldest este verano<\/a><p><\/p><\/div><\/p> ","protected":false},"excerpt":{"rendered":"<p>El artista malague\u00f1o actuar\u00e1 en el auditorio Julio Iglesias el 7 de agosto<\/p>\n","protected":false},"author":0,"featured_media":5775,"comment_status":"open","ping_status":"open","sticky":false,"template":"","format":"standard","meta":{"_acf_changed":false,"footnotes":""},"categories":[1],"tags":[],"class_list":["post-5774","post","type-post","status-publish","format-standard","has-post-thumbnail","hentry","category-sin-categoria"],"acf":{"ser_id":"HIPBGWJGQRA3TMMXII6TMIKKFU","ser_url":"https:\/\/cadenaser.com\/comunitat-valenciana\/2024\/06\/03\/benidorm-unica-parada-de-pablo-lopez-este-verano-en-la-provincia-radio-benidorm\/"},"_links":{"self":[{"href":"https:\/\/serbenidorm.daliisolutions.com\/index.php\/wp-json\/wp\/v2\/posts\/5774","targetHints":{"allow":["GET"]}}],"collection":[{"href":"https:\/\/serbenidorm.daliisolutions.com\/index.php\/wp-json\/wp\/v2\/posts"}],"about":[{"href":"https:\/\/serbenidorm.daliisolutions.com\/index.php\/wp-json\/wp\/v2\/types\/post"}],"replies":[{"embeddable":true,"href":"https:\/\/serbenidorm.daliisolutions.com\/index.php\/wp-json\/wp\/v2\/comments?post=5774"}],"version-history":[{"count":0,"href":"https:\/\/serbenidorm.daliisolutions.com\/index.php\/wp-json\/wp\/v2\/posts\/5774\/revisions"}],"wp:featuredmedia":[{"embeddable":true,"href":"https:\/\/serbenidorm.daliisolutions.com\/index.php\/wp-json\/wp\/v2\/media\/5775"}],"wp:attachment":[{"href":"https:\/\/serbenidorm.daliisolutions.com\/index.php\/wp-json\/wp\/v2\/media?parent=5774"}],"wp:term":[{"taxonomy":"category","embeddable":true,"href":"https:\/\/serbenidorm.daliisolutions.com\/index.php\/wp-json\/wp\/v2\/categories?post=5774"},{"taxonomy":"post_tag","embeddable":true,"href":"https:\/\/serbenidorm.daliisolutions.com\/index.php\/wp-json\/wp\/v2\/tags?post=5774"}],"curies":[{"name":"wp","href":"https:\/\/api.w.org\/{rel}","templated":true}]}}