{"id":5776,"date":"2024-06-04T07:15:08","date_gmt":"2024-06-04T05:15:08","guid":{"rendered":"https:\/\/serbenidorm.daliisolutions.com\/index.php\/2024\/06\/04\/port-hotels-celebra-la-segunda-edicion-de-su-fiesta-de-san-juan-en-la-terrasse\/"},"modified":"2024-06-04T07:15:08","modified_gmt":"2024-06-04T05:15:08","slug":"port-hotels-celebra-la-segunda-edicion-de-su-fiesta-de-san-juan-en-la-terrasse","status":"publish","type":"post","link":"https:\/\/serbenidorm.daliisolutions.com\/index.php\/2024\/06\/04\/port-hotels-celebra-la-segunda-edicion-de-su-fiesta-de-san-juan-en-la-terrasse\/","title":{"rendered":"Port Hotels celebra la segunda edici\u00f3n de su fiesta de San Juan en La Terrasse"},"content":{"rendered":"  <p>Una fiesta en el cielo de Benidorm para celebrar la llegada del verano. La Terrasse, <a href=\"https:\/\/cadenaser.com\/tag\/benidorm\/a\/\" target=\"_blank\" rel=\"noopener\">el rooftop del hotel Port Benidorm<\/a>, propiedad de la cadena hotelera Port Hotels, celebra el 22 de junio su segunda edici\u00f3n de la cena de San Juan.<\/p>   <p>La celebraci\u00f3n de la noche de San Juan en La Terrasse tendr\u00e1 lugar el pr\u00f3ximo s\u00e1bado 22 de junio, a partir de las 20:30 horas. El evento consiste en una cena tipo c\u00f3ctel al atardecer, con estaciones gastron\u00f3micas, una oportunidad perfecta para poder degustar la propuesta culinaria del establecimiento para esta temporada.<\/p>   <p>M\u00fasica en directo<\/p>   <p>La velada estar\u00e1 amenizada por m\u00fasica en directo a cargo del grupo Levante Camina, cuya fusi\u00f3n de ritmos transporta a los oyentes desde Espa\u00f1a hasta el Caribe. Despu\u00e9s de la cena, los asistentes podr\u00e1n seguir disfrutando de la m\u00fasica en directo, as\u00ed como de una variada oferta de c\u00f3cteles y combinados.<\/p>  <p><p>M\u00e1s informaci\u00f3n<\/p><figure><img loading=\"lazy\" decoding=\"async\" src=\"https:\/\/cadenaser.com\/resizer\/v2\/5XSG22ZO3BDQ3JL3G22RDXY6MI.jpg?auth=4b2fd3f49994f50e7bac7566fd58318ec43b85c776effa13ac25895ede079415&amp;quality=70&amp;width=360&amp;height=202&amp;smart=true\" width=\"820\" height=\"621\" \/><\/figure><ul><li><a href=\"https:\/\/cadenaser.com\/nacional\/2022\/06\/23\/por-que-se-celebra-la-noche-de-san-juan-y-cual-es-el-origen-de-las-hogueras-en-la-playa-cadena-ser\/\"><span>\u00bfPor qu\u00e9 se celebra la noche de San Juan y cu\u00e1l es el origen de las hogueras en la playa?<\/span><\/a><\/li><\/ul><\/p>   <p>En esta segunda edici\u00f3n de la Noche de San Juan en La Terrasse, se retoma la tem\u00e1tica White Party, recomendando a los asistentes vestir de blanco para la ocasi\u00f3n.<\/p>   <p>Situada en la azotea del Port Benidorm Hotel &amp; Spa, La Terrasse tiene una vista panor\u00e1mica \u00fanica a la bah\u00eda de Benidorm desde la planta 19 del hotel. Es el lugar ideal para disfrutar del atardecer junto con su amplia carta de cocteler\u00eda.<\/p>   <p>     .c-w{         max-width:444px;         width:100%;         margin:16px auto;      background:#00755E;         border-radius:4px;         display:flex;         align-items:center;         justify-content:center;     }     .c-w a{         display:flex;         align-items:center;         justify-content:center;         padding:4px 24px;     }     .c-w img{         width:24px;         margin-right:12px;     }     .c-w p{         font:18px\/25px Poppins;         text-align:center;         color:#fff;         margin:0;     }     @media (max-width:444px){         .c-w a{             padding:4px 12px;         }         .c-w img{             width:24px;             margin-right:8px;         }         .c-w p{             font:14px\/25px Poppins;         }     }     @media (max-width:335px){         .c-w p{             font:13px\/25px Poppins;         }     }  <div class=\"c-w\">     <a href=\"https:\/\/www.whatsapp.com\/channel\/0029Va633PF9WtC4l7XUzh1e\" target=\"_blank\" rel=\"noopener\">         <img decoding=\"async\" src=\"https:\/\/cadenaser.com\/estaticos\/recursosgraficos\/responsive\/img\/ico-whatsapp.svg\" alt=\"Whatsapp\">         <p>\u00danete al <b>canal de WhatsApp<\/b> de la SER<\/p>     <\/a> <\/div><\/p>   <p>La venta anticipada de entradas ya est\u00e1 disponible a trav\u00e9s de la p\u00e1gina web <a href=\"http:\/\/www.porthotels.es\/landings\/la-terrasse-san-juan-entradas\" rel=\"nofollow noopener\" target=\"_blank\">www.porthotels.es\/landings\/la-terrasse-san-juan-entradas<\/a><\/p> ","protected":false},"excerpt":{"rendered":"<p>El pr\u00f3ximo s\u00e1bado 22 de junio a partir de las 20:30 horas<\/p>\n","protected":false},"author":0,"featured_media":5777,"comment_status":"open","ping_status":"open","sticky":false,"template":"","format":"standard","meta":{"_acf_changed":false,"footnotes":""},"categories":[1],"tags":[],"class_list":["post-5776","post","type-post","status-publish","format-standard","has-post-thumbnail","hentry","category-sin-categoria"],"acf":{"ser_id":"6QAKXGHQJRDDBAOFDCJWNCFYI4","ser_url":"https:\/\/cadenaser.com\/comunitat-valenciana\/2024\/06\/03\/port-hotels-celebra-la-segunda-edicion-de-su-fiesta-de-san-juan-en-la-terrasse-radio-benidorm\/"},"_links":{"self":[{"href":"https:\/\/serbenidorm.daliisolutions.com\/index.php\/wp-json\/wp\/v2\/posts\/5776","targetHints":{"allow":["GET"]}}],"collection":[{"href":"https:\/\/serbenidorm.daliisolutions.com\/index.php\/wp-json\/wp\/v2\/posts"}],"about":[{"href":"https:\/\/serbenidorm.daliisolutions.com\/index.php\/wp-json\/wp\/v2\/types\/post"}],"replies":[{"embeddable":true,"href":"https:\/\/serbenidorm.daliisolutions.com\/index.php\/wp-json\/wp\/v2\/comments?post=5776"}],"version-history":[{"count":0,"href":"https:\/\/serbenidorm.daliisolutions.com\/index.php\/wp-json\/wp\/v2\/posts\/5776\/revisions"}],"wp:featuredmedia":[{"embeddable":true,"href":"https:\/\/serbenidorm.daliisolutions.com\/index.php\/wp-json\/wp\/v2\/media\/5777"}],"wp:attachment":[{"href":"https:\/\/serbenidorm.daliisolutions.com\/index.php\/wp-json\/wp\/v2\/media?parent=5776"}],"wp:term":[{"taxonomy":"category","embeddable":true,"href":"https:\/\/serbenidorm.daliisolutions.com\/index.php\/wp-json\/wp\/v2\/categories?post=5776"},{"taxonomy":"post_tag","embeddable":true,"href":"https:\/\/serbenidorm.daliisolutions.com\/index.php\/wp-json\/wp\/v2\/tags?post=5776"}],"curies":[{"name":"wp","href":"https:\/\/api.w.org\/{rel}","templated":true}]}}