{"id":5785,"date":"2024-06-04T09:38:28","date_gmt":"2024-06-04T07:38:28","guid":{"rendered":"https:\/\/serbenidorm.daliisolutions.com\/index.php\/2024\/06\/04\/evau-2024-los-estudiantes-de-benidorm-y-la-nucia-vuelven-a-hacer-la-selectividad-en-el-pabellon-muixara\/"},"modified":"2024-06-04T09:38:28","modified_gmt":"2024-06-04T07:38:28","slug":"evau-2024-los-estudiantes-de-benidorm-y-la-nucia-vuelven-a-hacer-la-selectividad-en-el-pabellon-muixara","status":"publish","type":"post","link":"https:\/\/serbenidorm.daliisolutions.com\/index.php\/2024\/06\/04\/evau-2024-los-estudiantes-de-benidorm-y-la-nucia-vuelven-a-hacer-la-selectividad-en-el-pabellon-muixara\/","title":{"rendered":"EvAU 2024: los estudiantes de Benidorm y La Nuc\u00eda vuelven a hacer la selectividad en el Pabell\u00f3n Muixara"},"content":{"rendered":"  <p>Son d\u00edas de muchos nervios y pocas horas de sue\u00f1o para decenas de miles de estudiantes al filo de la mayor\u00eda de edad y de entrar a la universidad en toda Espa\u00f1a. Es tambi\u00e9n el caso de <a href=\"https:\/\/cadenaser.com\/tag\/la_nucia\/a\/\" target=\"_blank\" rel=\"noopener\">los alumnos de segundo de bachillerato de los institutos de Benidorm y La Nuc\u00eda que comenzar\u00e1n este martes los ex\u00e1menes de selectividad en el Pabell\u00f3n Muixara<\/a>.<\/p>   <p>Son 312 los j\u00f3venes que ser\u00e1n examinados hasta el jueves en este punto por el Tribunal n\u00ba3 de la provincia de Alicante, que corregir\u00e1n alrededor de 2.000 ex\u00e1menes de las distintas asignaturas. Todos estos alumnos proceden, en concreto, del <a href=\"https:\/\/cadenaser.com\/tag\/benidorm\/a\/\" target=\"_blank\" rel=\"noopener\">I.E.S. Beatriu Fajardo de Mendoza, Bernat de Sarri\u00e0, L\u2019Almadrava, Mediterr\u00e0nia, Pere Maria Orts i Bosch, La Nuc\u00eda y el Colegio Lope de Vega<\/a>.<\/p>   <p>En total se han instalado para ellos 175 mesas y 312 sillas en el Pabell\u00f3n Muixara, instalaci\u00f3n deportiva que dispone de grandes puertas corredoras en dos de sus laterales, por lo que se convierte en un espacio ventilado para realizaci\u00f3n de los ex\u00e1menes de la EvAU.<\/p>  <p><figure><img loading=\"lazy\" decoding=\"async\" src=\"https:\/\/cadenaser.com\/resizer\/v2\/JIUX7PXGE5ASXHF2TYV2AANBRI.jpg?auth=74f4988dcbe82285ef9a5e4322bf8adfc18f4d6cecef8a2a4c5bc71bb773fd83&amp;quality=70&amp;width=360&amp;height=202&amp;smart=true\" alt=\"I\u00f1aki Cupini, estudiante de Matem\u00e1ticas y mejor nota de selectividad de la Marina Baixa en 2023\" width=\"240\" height=\"135\" \/><\/figure><div><a href=\"https:\/\/cadenaser.com\/audio\/1710433426915\/\">I\u00f1aki Cupini, estudiante de Matem\u00e1ticas y mejor nota de selectividad de la Marina Baixa en 2023<\/a><p><\/p><\/div><\/p>   <p>Unos 60 alumnos de Benidorm, en autob\u00fas<\/p>   <p>Para facilitar el desplazamiento de los alumnos de la capital tur\u00edstica a la localidad vecina la Concejal\u00eda de Educaci\u00f3n ha dispuesto un servicio de autob\u00fas gratuito previa inscripci\u00f3n.<\/p>   <p>Este servicio cuenta con un viaje de ida y dos de vuelta, as\u00ed como dos rutas: Levante y Poniente, cada una de ellas con seis paradas. Seg\u00fan los datos de inscripciones con los que trabaja el consistorio en estas \u00faltimas horas el n\u00famero de j\u00f3venes que han solicitado hacer uso del mismo ronda los 60.<\/p>   <p>     .c-w{         max-width:444px;         width:100%;         margin:16px auto;      background:#00755E;         border-radius:4px;         display:flex;         align-items:center;         justify-content:center;     }     .c-w a{         display:flex;         align-items:center;         justify-content:center;         padding:4px 24px;     }     .c-w img{         width:24px;         margin-right:12px;     }     .c-w p{         font:18px\/25px Poppins;         text-align:center;         color:#fff;         margin:0;     }     @media (max-width:444px){         .c-w a{             padding:4px 12px;         }         .c-w img{             width:24px;             margin-right:8px;         }         .c-w p{             font:14px\/25px Poppins;         }     }     @media (max-width:335px){         .c-w p{             font:13px\/25px Poppins;         }     }  <div class=\"c-w\">     <a href=\"https:\/\/www.whatsapp.com\/channel\/0029Va633PF9WtC4l7XUzh1e\" target=\"_blank\" rel=\"noopener\">         <img decoding=\"async\" src=\"https:\/\/cadenaser.com\/estaticos\/recursosgraficos\/responsive\/img\/ico-whatsapp.svg\" alt=\"Whatsapp\">         <p>\u00danete al <b>canal de WhatsApp<\/b> de la SER<\/p>     <\/a> <\/div><\/p> ","protected":false},"excerpt":{"rendered":"<p>Alumnos de hasta siete institutos de ambas localidades desarrollar\u00e1n sus pruebas en este punto<\/p>\n","protected":false},"author":0,"featured_media":5786,"comment_status":"open","ping_status":"open","sticky":false,"template":"","format":"standard","meta":{"_acf_changed":false,"footnotes":""},"categories":[1],"tags":[],"class_list":["post-5785","post","type-post","status-publish","format-standard","has-post-thumbnail","hentry","category-sin-categoria"],"acf":{"ser_id":"4VIXNRJ5QFH2FOUBDMLT7755KY","ser_url":"https:\/\/cadenaser.com\/comunitat-valenciana\/2024\/06\/04\/evau-2024-los-estudiantes-de-benidorm-y-la-nucia-vuelven-a-hacer-la-selectividad-en-el-pabellon-muixara-radio-benidorm\/"},"_links":{"self":[{"href":"https:\/\/serbenidorm.daliisolutions.com\/index.php\/wp-json\/wp\/v2\/posts\/5785","targetHints":{"allow":["GET"]}}],"collection":[{"href":"https:\/\/serbenidorm.daliisolutions.com\/index.php\/wp-json\/wp\/v2\/posts"}],"about":[{"href":"https:\/\/serbenidorm.daliisolutions.com\/index.php\/wp-json\/wp\/v2\/types\/post"}],"replies":[{"embeddable":true,"href":"https:\/\/serbenidorm.daliisolutions.com\/index.php\/wp-json\/wp\/v2\/comments?post=5785"}],"version-history":[{"count":0,"href":"https:\/\/serbenidorm.daliisolutions.com\/index.php\/wp-json\/wp\/v2\/posts\/5785\/revisions"}],"wp:featuredmedia":[{"embeddable":true,"href":"https:\/\/serbenidorm.daliisolutions.com\/index.php\/wp-json\/wp\/v2\/media\/5786"}],"wp:attachment":[{"href":"https:\/\/serbenidorm.daliisolutions.com\/index.php\/wp-json\/wp\/v2\/media?parent=5785"}],"wp:term":[{"taxonomy":"category","embeddable":true,"href":"https:\/\/serbenidorm.daliisolutions.com\/index.php\/wp-json\/wp\/v2\/categories?post=5785"},{"taxonomy":"post_tag","embeddable":true,"href":"https:\/\/serbenidorm.daliisolutions.com\/index.php\/wp-json\/wp\/v2\/tags?post=5785"}],"curies":[{"name":"wp","href":"https:\/\/api.w.org\/{rel}","templated":true}]}}