{"id":5794,"date":"2024-06-04T11:10:21","date_gmt":"2024-06-04T09:10:21","guid":{"rendered":"https:\/\/serbenidorm.daliisolutions.com\/index.php\/2024\/06\/04\/jorge-crivilles-vuelve-a-lanzarse-al-agua-para-unir-las-islas-de-tabarca-y-benidorm\/"},"modified":"2024-06-04T11:10:21","modified_gmt":"2024-06-04T09:10:21","slug":"jorge-crivilles-vuelve-a-lanzarse-al-agua-para-unir-las-islas-de-tabarca-y-benidorm","status":"publish","type":"post","link":"https:\/\/serbenidorm.daliisolutions.com\/index.php\/2024\/06\/04\/jorge-crivilles-vuelve-a-lanzarse-al-agua-para-unir-las-islas-de-tabarca-y-benidorm\/","title":{"rendered":"Jorge Crivill\u00e9s vuelve a lanzarse al agua para unir las islas de Tabarca y Benidorm"},"content":{"rendered":"  <p>El pasado 3 de noviembre, en medio de un fuerte temporal mar\u00edtimo, <a href=\"https:\/\/cadenaser.com\/comunitat-valenciana\/2023\/11\/03\/nada-frena-a-jorge-crivilles-que-esta-medianoche-se-lanzara-al-mar-para-unir-tabarca-y-benidorm-radio-benidorm\/?rel=buscador_noticias\" target=\"_blank\" rel=\"noopener\">Jorge Crivill\u00e9s lo intent\u00f3 y se lanz\u00f3 al mar, al filo de la medianoche, para cubrir a nado los 50 kil\u00f3metros que separan las islas de Tabarca y Benidorm<\/a> en un reto deportivo y solidario para recaudar fondos a favor de la investigaci\u00f3n contra la leucemia infantil.<\/p>   <p><a href=\"https:\/\/cadenaser.com\/comunitat-valenciana\/2023\/11\/04\/solo-el-frio-pudo-frenar-a-crivilles-en-su-reto-solidario-entre-tabarca-y-benidorm-radio-benidorm\/?rel=buscador_noticias\" target=\"_blank\" rel=\"noopener\">El fr\u00edo y, sobre todo, el fuerte oleaje y corrientes de aquella jornada oblig\u00f3 al nadador alicantino a abandonar el reto<\/a>. Sin embargo, lejos de darlo por amortizado, apareci\u00f3 en el Club N\u00e1utico de la capital tur\u00edstica al d\u00eda siguiente, a la misma hora a la que ten\u00eda prevista hacer su llegada por mar, y all\u00ed, rodeado de varias decenas de amigos y vecinos que quer\u00edan mostrarle su cari\u00f1o y admiraci\u00f3n, prometi\u00f3 que retomar\u00eda el reto cuando las condiciones fueran m\u00e1s propicias.<\/p>   <p>El momento ha llegado ahora. Ser\u00e1 este viernes, 7 de junio, cuando Crivill\u00e9s vuelva a Tabarca para volver a intentarlo. Por delante, los mismos 50 kil\u00f3metros (en l\u00ednea recta) en absoluta soledad salvo por la presencia constante de su equipo de apoyo y seguridad y, como novedad en esta intentona estival, de los nadadores locales que, si as\u00ed lo desean, podr\u00e1n acompa\u00f1arle en los \u00faltimos metros del recorrido ya en aguas de Benidorm.<\/p>   <p>Como ya sucediera hace ahora algo m\u00e1s de medio a\u00f1o, el principal objetivo de la aventura ser\u00e1 recaudar fondos a favor de la investigaci\u00f3n contra la leucemia pedi\u00e1trica que desarrolla el Instituto de Investigaci\u00f3n Sanitaria y Biom\u00e9dica de Alicante (Isabial) en el Hospital General Doctor Balmis.<\/p>   <p>En esta ocasi\u00f3n, el reto comenzar\u00e1 la noche del viernes desde la isla de Tabarca. Su llegada a la isla de Benidorm est\u00e1 prevista a lo largo de la tarde del d\u00eda siguiente, el s\u00e1bado 8 de junio.<\/p>   <p>     .c-w{         max-width:444px;         width:100%;         margin:16px auto;      background:#00755E;         border-radius:4px;         display:flex;         align-items:center;         justify-content:center;     }     .c-w a{         display:flex;         align-items:center;         justify-content:center;         padding:4px 24px;     }     .c-w img{         width:24px;         margin-right:12px;     }     .c-w p{         font:18px\/25px Poppins;         text-align:center;         color:#fff;         margin:0;     }     @media (max-width:444px){         .c-w a{             padding:4px 12px;         }         .c-w img{             width:24px;             margin-right:8px;         }         .c-w p{             font:14px\/25px Poppins;         }     }     @media (max-width:335px){         .c-w p{             font:13px\/25px Poppins;         }     }  <div class=\"c-w\">     <a href=\"https:\/\/www.whatsapp.com\/channel\/0029Va633PF9WtC4l7XUzh1e\" target=\"_blank\" rel=\"noopener\">         <img decoding=\"async\" src=\"https:\/\/cadenaser.com\/estaticos\/recursosgraficos\/responsive\/img\/ico-whatsapp.svg\" alt=\"Whatsapp\">         <p>\u00danete al <b>canal de WhatsApp<\/b> de la SER<\/p>     <\/a> <\/div><\/p>   <p>Entre los dos puntos, un desaf\u00edo de 50 kil\u00f3metros en el que las corrientes y las picaduras de medusas ser\u00e1n los obst\u00e1culos que deber\u00e1 sortear Crivill\u00e9s para alcanzar el objetivo a favor de los peque\u00f1os h\u00e9roes del Hospital General Doctor Balmis de Alicante.<\/p>   <p>Concretamente, los fondos obtenidos con este reto solidario servir\u00e1n para financiar la l\u00ednea de investigaci\u00f3n que lidera la jefa de Secci\u00f3n de Oncolog\u00eda Pedi\u00e1trica del Hospital General Doctor Balmis, la doctora Mar\u00eda Tasso, y el jefe del Servicio de Hematolog\u00eda, el doctor Fabi\u00e1n Tar\u00edn, ambos investigadores de Isabial.<\/p>   <p>Este reto que puede parecer imposible para la mayor\u00eda de los \u2018mortales\u2019 no ser\u00e1 el primero de una dificultad similar que afronte Jorge Crivill\u00e9s, que hoy en d\u00eda sigue siendo el \u00fanico espa\u00f1ol que ha completado el desaf\u00edo de los &#8216;Siete Oc\u00e9anos&#8217;, reto que consiste en unir a nado los siete recorridos de mayor dificultad que existen en aguas abiertas en el planeta.<\/p>   <p>En concreto, ese techo de la nataci\u00f3n de larga distancia (algo as\u00ed como los catorce \u2018ochomiles\u2019 del aplinismo), le ha llevado a cubrir los 41,8 kil\u00f3metros del Canal de Molokai (Haw\u00e1i), los 33,7 kil\u00f3metros del Canal de Catalina (California), los 33,7 kil\u00f3metros del Canal del Norte (entre Irlanda y Escocia), los 26 kil\u00f3metros del Estrecho de Cook (Nueva Zelanda), los 34 kil\u00f3metros del Canal de la Mancha, los 47 kil\u00f3metros del Estrecho de Tsugaru (Jap\u00f3n) y los 14,4 kil\u00f3metros del Estrecho de Gibraltar.<\/p>   <p><p><strong>Sigue el canal de Carrusel en WhatsApp<\/strong><br \/>\u00a1Bienvenido al canal de Whatsapp de Carrusel! Toda la emoci\u00f3n del deporte, EN DIRECTO. Dirige Dani Garrido<\/p><a href=\"https:\/\/whatsapp.com\/channel\/0029Va8gTnP3rZZcN6Uzfi1x\" title=\"Suscr\u00edbete\">Suscr\u00edbete ahora<\/a><\/p> ","protected":false},"excerpt":{"rendered":"<p>El nadador alicantino tuvo que abandonar su traves\u00eda el pasado mes de noviembre debido al mal estado del mar | La iniciativa tiene un objetivo solidario a favor de la investigaci\u00f3n contra la leucemia infantil<\/p>\n","protected":false},"author":0,"featured_media":5795,"comment_status":"open","ping_status":"open","sticky":false,"template":"","format":"standard","meta":{"_acf_changed":false,"footnotes":""},"categories":[16],"tags":[],"class_list":["post-5794","post","type-post","status-publish","format-standard","has-post-thumbnail","hentry","category-deportes"],"acf":{"ser_id":"ORO6RHF5UVDVBGQRH3HDDABGPI","ser_url":"https:\/\/cadenaser.com\/comunitat-valenciana\/2024\/06\/04\/jorge-crivilles-vuelve-a-lanzarse-al-agua-para-unir-las-islas-de-tabarca-y-benidorm-radio-benidorm\/"},"_links":{"self":[{"href":"https:\/\/serbenidorm.daliisolutions.com\/index.php\/wp-json\/wp\/v2\/posts\/5794","targetHints":{"allow":["GET"]}}],"collection":[{"href":"https:\/\/serbenidorm.daliisolutions.com\/index.php\/wp-json\/wp\/v2\/posts"}],"about":[{"href":"https:\/\/serbenidorm.daliisolutions.com\/index.php\/wp-json\/wp\/v2\/types\/post"}],"replies":[{"embeddable":true,"href":"https:\/\/serbenidorm.daliisolutions.com\/index.php\/wp-json\/wp\/v2\/comments?post=5794"}],"version-history":[{"count":0,"href":"https:\/\/serbenidorm.daliisolutions.com\/index.php\/wp-json\/wp\/v2\/posts\/5794\/revisions"}],"wp:featuredmedia":[{"embeddable":true,"href":"https:\/\/serbenidorm.daliisolutions.com\/index.php\/wp-json\/wp\/v2\/media\/5795"}],"wp:attachment":[{"href":"https:\/\/serbenidorm.daliisolutions.com\/index.php\/wp-json\/wp\/v2\/media?parent=5794"}],"wp:term":[{"taxonomy":"category","embeddable":true,"href":"https:\/\/serbenidorm.daliisolutions.com\/index.php\/wp-json\/wp\/v2\/categories?post=5794"},{"taxonomy":"post_tag","embeddable":true,"href":"https:\/\/serbenidorm.daliisolutions.com\/index.php\/wp-json\/wp\/v2\/tags?post=5794"}],"curies":[{"name":"wp","href":"https:\/\/api.w.org\/{rel}","templated":true}]}}