{"id":5796,"date":"2024-06-04T12:30:07","date_gmt":"2024-06-04T10:30:07","guid":{"rendered":"https:\/\/serbenidorm.daliisolutions.com\/index.php\/2024\/06\/04\/detenido-por-robar-cinco-veces-en-un-bar-de-benidorm-hasta-que-el-dueno-se-harto-y-denuncio\/"},"modified":"2024-06-04T12:30:07","modified_gmt":"2024-06-04T10:30:07","slug":"detenido-por-robar-cinco-veces-en-un-bar-de-benidorm-hasta-que-el-dueno-se-harto-y-denuncio","status":"publish","type":"post","link":"https:\/\/serbenidorm.daliisolutions.com\/index.php\/2024\/06\/04\/detenido-por-robar-cinco-veces-en-un-bar-de-benidorm-hasta-que-el-dueno-se-harto-y-denuncio\/","title":{"rendered":"Detenido por robar cinco veces en un bar de Benidorm hasta que el due\u00f1o se hart\u00f3 y denunci\u00f3"},"content":{"rendered":"  <p>La Polic\u00eda Nacional ha detenido en Benidorm a un hombre por robar hasta en cinco ocasiones en el mismo establecimiento hostelero. El propietario, <a href=\"https:\/\/cadenaser.com\/tag\/comarca_la_marina_baixa\/a\/\" target=\"_blank\" rel=\"noopener\">harto de que entraran en su negocio por la fuerza<\/a>, interpuso finalmente una denuncia y aport\u00f3 las im\u00e1genes captadas por las c\u00e1maras donde se pod\u00eda observar el \u201cmodus operandi\u201d empleado por el presunto autor.<\/p>   <p>Cada vez que se repet\u00eda al perjudicado le faltaban numerosas botellas de bebidas alcoh\u00f3licas y dinero de la caja registradora. Los agentes de Polic\u00eda Judicial realizaron una comparativa de las im\u00e1genes captadas en los cinco hechos, comprobando que se trataba de la misma persona y que adem\u00e1s es un viejo conocido de la polic\u00eda por su actividad delictiva en la capital tur\u00edstica.<\/p>  <p><p>M\u00e1s informaci\u00f3n<\/p><figure><img loading=\"lazy\" decoding=\"async\" src=\"https:\/\/cadenaser.com\/resizer\/v2\/BOKX23A2DJOKFDJLKCDF34JX6A.jpg?auth=f13b1f699aaaf090a1a55a4d8ab5491525b96261a51e47cf5754105dc3f3c1d3&amp;quality=70&amp;width=360&amp;height=202&amp;smart=true\" width=\"820\" height=\"621\" \/><\/figure><ul><li><a href=\"https:\/\/cadenaser.com\/comunitat-valenciana\/2024\/06\/03\/piden-seis-anos-de-carcel-para-el-patron-de-una-patera-que-desplazo-a-catorce-personas-de-argelia-a-benidorm-radio-benidorm\/\"><span>Piden seis a\u00f1os de c\u00e1rcel para el patr\u00f3n de una patera que desplaz\u00f3 a catorce personas de Argelia a Benidorm<\/span><\/a><\/li><\/ul><\/p>   <p>Adem\u00e1s, pudieron descubrir como acced\u00eda al interior del local, <a href=\"https:\/\/cadenaser.com\/tag\/benidorm\/a\/\" target=\"_blank\" rel=\"noopener\">situado en la zona de la Playa de Levante<\/a>, forzando la puerta de acceso empuj\u00e1ndola hasta vencer el pestillo que la acerroja y as\u00ed poder acceder al interior y sustraer todo lo que en su interior encontraba; todo ello a altas horas de la madrugada.<\/p>   <p>El presunto autor, al ver que no era detenido tras la comisi\u00f3n de cada uno de sus robos, volv\u00eda al establecimiento y repet\u00eda su \u201cmodus operandi\u201d hasta que el propietario interpuso esa denuncia que dio origen a la investigaci\u00f3n y posterior detenci\u00f3n del var\u00f3n de nacionalidad espa\u00f1ola y de 37 a\u00f1os de edad que finalmente ha sido puesto a disposici\u00f3n del Juzgado de Instrucci\u00f3n en funciones de Guardia de Benidorm.<\/p> ","protected":false},"excerpt":{"rendered":"<p>Era un viejo conocido de la Polic\u00eda<\/p>\n","protected":false},"author":0,"featured_media":5797,"comment_status":"open","ping_status":"open","sticky":false,"template":"","format":"standard","meta":{"_acf_changed":false,"footnotes":""},"categories":[1],"tags":[],"class_list":["post-5796","post","type-post","status-publish","format-standard","has-post-thumbnail","hentry","category-sin-categoria"],"acf":{"ser_id":"YRFI6J6SIJEAJFOFY5BFDSR4KM","ser_url":"https:\/\/cadenaser.com\/comunitat-valenciana\/2024\/06\/04\/detenido-por-robar-cinco-veces-en-un-bar-de-benidorm-hasta-que-el-dueno-se-harto-y-denuncio-radio-benidorm\/"},"_links":{"self":[{"href":"https:\/\/serbenidorm.daliisolutions.com\/index.php\/wp-json\/wp\/v2\/posts\/5796","targetHints":{"allow":["GET"]}}],"collection":[{"href":"https:\/\/serbenidorm.daliisolutions.com\/index.php\/wp-json\/wp\/v2\/posts"}],"about":[{"href":"https:\/\/serbenidorm.daliisolutions.com\/index.php\/wp-json\/wp\/v2\/types\/post"}],"replies":[{"embeddable":true,"href":"https:\/\/serbenidorm.daliisolutions.com\/index.php\/wp-json\/wp\/v2\/comments?post=5796"}],"version-history":[{"count":0,"href":"https:\/\/serbenidorm.daliisolutions.com\/index.php\/wp-json\/wp\/v2\/posts\/5796\/revisions"}],"wp:featuredmedia":[{"embeddable":true,"href":"https:\/\/serbenidorm.daliisolutions.com\/index.php\/wp-json\/wp\/v2\/media\/5797"}],"wp:attachment":[{"href":"https:\/\/serbenidorm.daliisolutions.com\/index.php\/wp-json\/wp\/v2\/media?parent=5796"}],"wp:term":[{"taxonomy":"category","embeddable":true,"href":"https:\/\/serbenidorm.daliisolutions.com\/index.php\/wp-json\/wp\/v2\/categories?post=5796"},{"taxonomy":"post_tag","embeddable":true,"href":"https:\/\/serbenidorm.daliisolutions.com\/index.php\/wp-json\/wp\/v2\/tags?post=5796"}],"curies":[{"name":"wp","href":"https:\/\/api.w.org\/{rel}","templated":true}]}}