{"id":5802,"date":"2024-06-04T13:14:13","date_gmt":"2024-06-04T11:14:13","guid":{"rendered":"https:\/\/serbenidorm.daliisolutions.com\/index.php\/2024\/06\/04\/liliana-fernandez-a-un-paso-de-sus-cuartos-juegos-olimpicos\/"},"modified":"2024-06-04T13:14:13","modified_gmt":"2024-06-04T11:14:13","slug":"liliana-fernandez-a-un-paso-de-sus-cuartos-juegos-olimpicos","status":"publish","type":"post","link":"https:\/\/serbenidorm.daliisolutions.com\/index.php\/2024\/06\/04\/liliana-fernandez-a-un-paso-de-sus-cuartos-juegos-olimpicos\/","title":{"rendered":"Liliana Fern\u00e1ndez, a un paso de sus cuartos Juegos Ol\u00edmpicos"},"content":{"rendered":"  <p>Liliana Fern\u00e1ndez Steiner y su compa\u00f1era Paula Soria se colgaron el pasado fin de semana la medalla de bronce en la prueba del Pro Tour de v\u00f3ley playa disputada en Polonia y, con ese resultado, han podido sumar los puntos suficientes para auparse hasta la 22\u00aa posici\u00f3n del ranking ol\u00edmpico de la especialidad. Con ello, la pareja formada por las jugadoras de Benidorm y Orihuela, son a d\u00eda de hoy la \u00faltima que obtendr\u00eda el pasaporte para los Juegos de Par\u00eds, donde el programa de v\u00f3ley playa se disputar\u00e1 del 27 de julio al 10 de agosto.<\/p>   <p>Ese ranking ol\u00edmpico se cerrar\u00e1 de manera definitiva el pr\u00f3ximo fin de semana y el mayor peligro para la pareja espa\u00f1ola llega de las americanas Scoles y Flint, que ocupan la 23\u00aa posici\u00f3n con s\u00f3lo 60 puntos menos. En caso de conseguir el pasaporte para Par\u00eds, estos ser\u00edan los cuartos Juegos Ol\u00edmpicos para \u2018Lili\u2019 despu\u00e9s de Londres 2012, R\u00edo 2016 y Tokio 2020 (disputados en 2021 debido a la pandemia).<\/p>   <p><p><strong>Sigue el canal de Carrusel en WhatsApp<\/strong><br \/>\u00a1Bienvenido al canal de Whatsapp de Carrusel! Toda la emoci\u00f3n del deporte, EN DIRECTO. Dirige Dani Garrido<\/p><a href=\"https:\/\/whatsapp.com\/channel\/0029Va8gTnP3rZZcN6Uzfi1x\" title=\"Suscr\u00edbete\">Suscr\u00edbete ahora<\/a><\/p> ","protected":false},"excerpt":{"rendered":"<p>Tras la tercera plaza obtenida en Polonia, la jugadora benidormense y Paula Soria se colocan en la 22\u00aa posici\u00f3n de la clasificaci\u00f3n<\/p>\n","protected":false},"author":0,"featured_media":5803,"comment_status":"open","ping_status":"open","sticky":false,"template":"","format":"standard","meta":{"_acf_changed":false,"footnotes":""},"categories":[16],"tags":[],"class_list":["post-5802","post","type-post","status-publish","format-standard","has-post-thumbnail","hentry","category-deportes"],"acf":{"ser_id":"L6MZOYMV35H35EXOQXHAQGY5N4","ser_url":"https:\/\/cadenaser.com\/comunitat-valenciana\/2024\/06\/04\/liliana-fernandez-a-un-paso-de-sus-cuartos-juegos-olimpicos-radio-benidorm\/"},"_links":{"self":[{"href":"https:\/\/serbenidorm.daliisolutions.com\/index.php\/wp-json\/wp\/v2\/posts\/5802","targetHints":{"allow":["GET"]}}],"collection":[{"href":"https:\/\/serbenidorm.daliisolutions.com\/index.php\/wp-json\/wp\/v2\/posts"}],"about":[{"href":"https:\/\/serbenidorm.daliisolutions.com\/index.php\/wp-json\/wp\/v2\/types\/post"}],"replies":[{"embeddable":true,"href":"https:\/\/serbenidorm.daliisolutions.com\/index.php\/wp-json\/wp\/v2\/comments?post=5802"}],"version-history":[{"count":0,"href":"https:\/\/serbenidorm.daliisolutions.com\/index.php\/wp-json\/wp\/v2\/posts\/5802\/revisions"}],"wp:featuredmedia":[{"embeddable":true,"href":"https:\/\/serbenidorm.daliisolutions.com\/index.php\/wp-json\/wp\/v2\/media\/5803"}],"wp:attachment":[{"href":"https:\/\/serbenidorm.daliisolutions.com\/index.php\/wp-json\/wp\/v2\/media?parent=5802"}],"wp:term":[{"taxonomy":"category","embeddable":true,"href":"https:\/\/serbenidorm.daliisolutions.com\/index.php\/wp-json\/wp\/v2\/categories?post=5802"},{"taxonomy":"post_tag","embeddable":true,"href":"https:\/\/serbenidorm.daliisolutions.com\/index.php\/wp-json\/wp\/v2\/tags?post=5802"}],"curies":[{"name":"wp","href":"https:\/\/api.w.org\/{rel}","templated":true}]}}