{"id":5805,"date":"2024-06-04T13:59:59","date_gmt":"2024-06-04T11:59:59","guid":{"rendered":"https:\/\/serbenidorm.daliisolutions.com\/index.php\/2024\/06\/04\/nueva-bajada-del-paro-en-benidorm-y-la-marina-baixa-336-desempleados-menos\/"},"modified":"2024-06-04T13:59:59","modified_gmt":"2024-06-04T11:59:59","slug":"nueva-bajada-del-paro-en-benidorm-y-la-marina-baixa-336-desempleados-menos","status":"publish","type":"post","link":"https:\/\/serbenidorm.daliisolutions.com\/index.php\/2024\/06\/04\/nueva-bajada-del-paro-en-benidorm-y-la-marina-baixa-336-desempleados-menos\/","title":{"rendered":"Nueva bajada del paro en Benidorm y la Marina Baixa: 336 desempleados menos"},"content":{"rendered":"  <p>Un mes m\u00e1s el paro vuelve a bajar en Benidorm y la Marina Baixa. Este pasado mayo, el de menor tasa de desempleo a nivel nacional en los \u00faltimos 16 a\u00f1os, ha terminado en la comarca con 9.060 personas inscritas en las oficinas de empleo. Son 336 parados menos que el mes anterior, seg\u00fan los datos del <a href=\"https:\/\/cadenaser.com\/tag\/empleo\/a\/\" target=\"_blank\" rel=\"noopener\">Servicio Valenciano de Empleo (LABORA)<\/a>.<\/p>   <p>Un descenso producido de nuevo por las contrataciones en el sector servicios y, m\u00e1s en concreto, en la hosteler\u00eda. Se trata del inicio de una temporada estival en la que el sector tur\u00edstico tiene perspectivas de mantener o incluso mejorar sus datos de 2023, si bien en esta ocasi\u00f3n Yolanda D\u00edaz, secretaria general de UGT en la provincia de Alicante, ha puesto el foco en otro sector: <a href=\"https:\/\/cadenaser.com\/tag\/comarca_la_marina_baixa\/a\/\" target=\"_blank\" rel=\"noopener\">\u00abSe han hecho 467 contratos menos en este mes de mayo y tiene que ver con la agricultura\u00bb<\/a>.<\/p>   <p>Esto demuestra, en opini\u00f3n de D\u00edaz, la importancia de impulsar otros tejidos productivos m\u00e1s all\u00e1 de los servicios: \u00abQue no solo tenga que ver con la estacionalidad y alargue la contrataci\u00f3n a lo largo del a\u00f1o para dejar de ver c\u00f3mo se expulsa a la gente al desempleo\u00bb, ha subrayado.<\/p>   <p>El paro por municipios<\/p>   <p><li>En <a href=\"https:\/\/cadenaser.com\/tag\/benidorm\/a\/\" target=\"_blank\" rel=\"noopener\">Benidorm<\/a> hay sigue habiendo 3.293 demandantes de empleo, son 168 menos.<\/li><li>En <a href=\"https:\/\/cadenaser.com\/tag\/vila_joiosa\/a\/\" target=\"_blank\" rel=\"noopener\">La Vila Joiosa<\/a> son 2.090, 79 menos.<\/li><li>En <a href=\"https:\/\/cadenaser.com\/tag\/altea\/a\/\" target=\"_blank\" rel=\"noopener\">Altea<\/a> 1.034, 50 menos.<\/li><li>En <a href=\"https:\/\/cadenaser.com\/tag\/lalfas_del_pi\/a\/\" target=\"_blank\" rel=\"noopener\">l\u2019Alf\u00e0s del Pi<\/a> 745, 31 menos.<\/li><li>En<a href=\"https:\/\/cadenaser.com\/tag\/la_nucia\/a\/\" target=\"_blank\" rel=\"noopener\"> La Nuc\u00eda<\/a> 767 demandantes, 38 menos que el mes anterior.<\/li><\/p>   <p>La Comunitat Valenciana en cifras<\/p>   <p>El mes de mayo se cierra en la Comunitat Valenciana con un descenso del paro de 3.414 personas (1,07%). Si miramos a un a\u00f1o vista, la ca\u00edda del desempleo es de 14.822 personas, en t\u00e9rminos porcentuales un 4,48%.<\/p>  <p><p>M\u00e1s informaci\u00f3n<\/p><figure><img loading=\"lazy\" decoding=\"async\" src=\"https:\/\/cadenaser.com\/resizer\/v2\/DYXYQ76K5ZAH5JUFSON7XXAM7Y.jpg?auth=e9c1e4d456ded06118f1b04bf7c53ec2c02188ed4167c0a14016842b85dcdb24&amp;quality=70&amp;width=360&amp;height=202&amp;smart=true\" width=\"820\" height=\"621\" \/><\/figure><ul><li><a href=\"https:\/\/cadenaser.com\/comunitat-valenciana\/2024\/05\/31\/benidorm-sera-la-capital-de-la-publicidad-y-creatividad-de-todo-alicante-el-14-de-junio-radio-benidorm\/\"><span>Benidorm ser\u00e1 la capital de la publicidad y creatividad de todo Alicante el 14 de junio<\/span><\/a><\/li><\/ul><\/p>   <p>Por sectores, durante el mes de mayo, el paro baj\u00f3 en construcci\u00f3n (-1,54%), en el sector servicios (-1,2%) y en la industria (-0,99%) y subi\u00f3 en el colectivo sin empleo anterior (0,14%) y en la agricultura (0,07%). <\/p>   <p>     .c-w{         max-width:444px;         width:100%;         margin:16px auto;      background:#00755E;         border-radius:4px;         display:flex;         align-items:center;         justify-content:center;     }     .c-w a{         display:flex;         align-items:center;         justify-content:center;         padding:4px 24px;     }     .c-w img{         width:24px;         margin-right:12px;     }     .c-w p{         font:18px\/25px Poppins;         text-align:center;         color:#fff;         margin:0;     }     @media (max-width:444px){         .c-w a{             padding:4px 12px;         }         .c-w img{             width:24px;             margin-right:8px;         }         .c-w p{             font:14px\/25px Poppins;         }     }     @media (max-width:335px){         .c-w p{             font:13px\/25px Poppins;         }     }  <div class=\"c-w\">     <a href=\"https:\/\/www.whatsapp.com\/channel\/0029Va633PF9WtC4l7XUzh1e\" target=\"_blank\" rel=\"noopener\">         <img decoding=\"async\" src=\"https:\/\/cadenaser.com\/estaticos\/recursosgraficos\/responsive\/img\/ico-whatsapp.svg\" alt=\"Whatsapp\">         <p>\u00danete al <b>canal de WhatsApp<\/b> de la SER<\/p>     <\/a> <\/div><\/p>   <p>Por g\u00e9nero, en mayo el desempleo baj\u00f3 m\u00e1s entre los hombres (-1,2%) que entre las mujeres (-0,98). Las mujeres suponen casi el 61% del total de personas desempleadas.<\/p>   <p>Por tramos de edad, descendi\u00f3 m\u00e1s el desempleo entre las personas que tienen entre 25 y 44 a\u00f1os (-1,86%), en las menores de 25 (-1,64%) y en las mayores de 45 a\u00f1os (-0,56%). Y por provincias, el paro cay\u00f3 sobre todo en Alicante (-1,31%), en Castell\u00f3n (-1,17%) y por \u00faltimo Valencia (0,84%).<\/p> ","protected":false},"excerpt":{"rendered":"<p>En la comarca sigue habiendo 9.060 demandantes de trabajo | La agricultura lastra la contrataci\u00f3n <\/p>\n","protected":false},"author":0,"featured_media":5806,"comment_status":"open","ping_status":"open","sticky":false,"template":"","format":"standard","meta":{"_acf_changed":false,"footnotes":""},"categories":[1],"tags":[],"class_list":["post-5805","post","type-post","status-publish","format-standard","has-post-thumbnail","hentry","category-sin-categoria"],"acf":{"ser_id":"MJD3X5SXYREU5HFQXF2TYNYWAM","ser_url":"https:\/\/cadenaser.com\/comunitat-valenciana\/2024\/06\/04\/nueva-bajada-del-paro-en-benidorm-y-la-marina-baixa-336-desempleados-menos-radio-benidorm\/"},"_links":{"self":[{"href":"https:\/\/serbenidorm.daliisolutions.com\/index.php\/wp-json\/wp\/v2\/posts\/5805","targetHints":{"allow":["GET"]}}],"collection":[{"href":"https:\/\/serbenidorm.daliisolutions.com\/index.php\/wp-json\/wp\/v2\/posts"}],"about":[{"href":"https:\/\/serbenidorm.daliisolutions.com\/index.php\/wp-json\/wp\/v2\/types\/post"}],"replies":[{"embeddable":true,"href":"https:\/\/serbenidorm.daliisolutions.com\/index.php\/wp-json\/wp\/v2\/comments?post=5805"}],"version-history":[{"count":0,"href":"https:\/\/serbenidorm.daliisolutions.com\/index.php\/wp-json\/wp\/v2\/posts\/5805\/revisions"}],"wp:featuredmedia":[{"embeddable":true,"href":"https:\/\/serbenidorm.daliisolutions.com\/index.php\/wp-json\/wp\/v2\/media\/5806"}],"wp:attachment":[{"href":"https:\/\/serbenidorm.daliisolutions.com\/index.php\/wp-json\/wp\/v2\/media?parent=5805"}],"wp:term":[{"taxonomy":"category","embeddable":true,"href":"https:\/\/serbenidorm.daliisolutions.com\/index.php\/wp-json\/wp\/v2\/categories?post=5805"},{"taxonomy":"post_tag","embeddable":true,"href":"https:\/\/serbenidorm.daliisolutions.com\/index.php\/wp-json\/wp\/v2\/tags?post=5805"}],"curies":[{"name":"wp","href":"https:\/\/api.w.org\/{rel}","templated":true}]}}